{"id":6024,"date":"2012-07-31T11:20:17","date_gmt":"2012-07-31T09:20:17","guid":{"rendered":"http:\/\/www.tucomarca.com\/wordpress\/segunda\/?p=6024"},"modified":"2012-07-31T11:20:17","modified_gmt":"2012-07-31T09:20:17","slug":"la-alcaldesa-de-alpuente-se-reune-con-el-vicepresidente-de-la-diputacion-de-valencia","status":"publish","type":"post","link":"https:\/\/www.tucomarca.com\/wordpress\/segunda\/la-alcaldesa-de-alpuente-se-reune-con-el-vicepresidente-de-la-diputacion-de-valencia\/","title":{"rendered":"La alcaldesa de Alpuente se re\u00fane con el vicepresidente de la Diputaci\u00f3n de Valencia"},"content":{"rendered":"<figure id=\"attachment_6025\" aria-describedby=\"caption-attachment-6025\" style=\"width: 368px\" class=\"wp-caption alignleft\"><a href=\"https:\/\/www.tucomarca.com\/wordpress\/segunda\/wp-content\/uploads\/2012\/07\/Medina-Alpuente.jpg\"><img loading=\"lazy\" decoding=\"async\" class=\"size-large wp-image-6025  \" title=\"Juan Jos\u00e9 Medina reunido con la alcaldesa de Alpuente\" src=\"https:\/\/www.tucomarca.com\/wordpress\/segunda\/wp-content\/uploads\/2012\/07\/Medina-Alpuente-1024x768.jpg\" alt=\"Juan Jos\u00e9 Medina reunido con la alcaldesa de Alpuente\" width=\"368\" height=\"277\" srcset=\"https:\/\/www.tucomarca.com\/wordpress\/segunda\/wp-content\/uploads\/2012\/07\/Medina-Alpuente-1024x768.jpg 1024w, https:\/\/www.tucomarca.com\/wordpress\/segunda\/wp-content\/uploads\/2012\/07\/Medina-Alpuente-300x225.jpg 300w, https:\/\/www.tucomarca.com\/wordpress\/segunda\/wp-content\/uploads\/2012\/07\/Medina-Alpuente.jpg 2048w\" sizes=\"auto, (max-width: 368px) 100vw, 368px\" \/><\/a><figcaption id=\"caption-attachment-6025\" class=\"wp-caption-text\">Juan Jos\u00e9 Medina reunido con la alcaldesa de Alpuente<\/figcaption><\/figure>\n<p>El vicepresidente y diputado de Cooperaci\u00f3n Municipal y Medio Ambiente, Juan Jos\u00e9 Medina, se reuni\u00f3 en la ma\u00f1ana de ayer con la alcaldesa de Alpuente, Amparo Rodr\u00edguez, en la sede de la Diputaci\u00f3n de Valencia. El motivo de la visita fue la petici\u00f3n a la instituci\u00f3n provincial de un estudio de la red de aguas que abastece al municipio.<\/p>\n<p>Seg\u00fan inform\u00f3 la alcaldesa el suministro de agua actual est\u00e1 dando \u201cmuchos problemas al pueblo\u201d, debido a la antig\u00fcedad de las instalaciones hidr\u00e1ulicas. A este inconveniente hay que sumarle el aumento del consumo de agua por la cantidad de granjas que existen en Alpuente, lo que provoca que la general de tuber\u00edas se rompa constantemente.<\/p>\n<p>Amparo Rodr\u00edguez recalc\u00f3 la \u201cestupenda atenci\u00f3n\u201d que brinda la Diputaci\u00f3n de Valencia a todos los alcaldes y ayuntamientos que necesitan solucionar sus problemas.<\/p>\n","protected":false},"excerpt":{"rendered":"<div class=\"mh-excerpt\">El vicepresidente y diputado de Cooperaci\u00f3n Municipal y Medio Ambiente, Juan Jos\u00e9 Medina, se reuni\u00f3 en la ma\u00f1ana de ayer con la alcaldesa de Alpuente, Amparo Rodr\u00edguez, en la sede de la Diputaci\u00f3n de Valencia. <a class=\"mh-excerpt-more\" href=\"https:\/\/www.tucomarca.com\/wordpress\/segunda\/la-alcaldesa-de-alpuente-se-reune-con-el-vicepresidente-de-la-diputacion-de-valencia\/\" title=\"La alcaldesa de Alpuente se re\u00fane con el vicepresidente de la Diputaci\u00f3n de Valencia\">[+] <\/a><\/div>\n","protected":false},"author":1,"featured_media":6025,"comment_status":"open","ping_status":"open","sticky":false,"template":"","format":"standard","meta":{"footnotes":""},"categories":[198,128,8,59,3],"tags":[],"class_list":{"0":"post-6024","1":"post","2":"type-post","3":"status-publish","4":"format-standard","5":"has-post-thumbnail","7":"category-alpuente","8":"category-infraestructuras","9":"category-la-comarca","10":"category-los-serranos","11":"category-seccion"},"_links":{"self":[{"href":"https:\/\/www.tucomarca.com\/wordpress\/segunda\/wp-json\/wp\/v2\/posts\/6024","targetHints":{"allow":["GET"]}}],"collection":[{"href":"https:\/\/www.tucomarca.com\/wordpress\/segunda\/wp-json\/wp\/v2\/posts"}],"about":[{"href":"https:\/\/www.tucomarca.com\/wordpress\/segunda\/wp-json\/wp\/v2\/types\/post"}],"author":[{"embeddable":true,"href":"https:\/\/www.tucomarca.com\/wordpress\/segunda\/wp-json\/wp\/v2\/users\/1"}],"replies":[{"embeddable":true,"href":"https:\/\/www.tucomarca.com\/wordpress\/segunda\/wp-json\/wp\/v2\/comments?post=6024"}],"version-history":[{"count":0,"href":"https:\/\/www.tucomarca.com\/wordpress\/segunda\/wp-json\/wp\/v2\/posts\/6024\/revisions"}],"wp:featuredmedia":[{"embeddable":true,"href":"https:\/\/www.tucomarca.com\/wordpress\/segunda\/wp-json\/wp\/v2\/media\/6025"}],"wp:attachment":[{"href":"https:\/\/www.tucomarca.com\/wordpress\/segunda\/wp-json\/wp\/v2\/media?parent=6024"}],"wp:term":[{"taxonomy":"category","embeddable":true,"href":"https:\/\/www.tucomarca.com\/wordpress\/segunda\/wp-json\/wp\/v2\/categories?post=6024"},{"taxonomy":"post_tag","embeddable":true,"href":"https:\/\/www.tucomarca.com\/wordpress\/segunda\/wp-json\/wp\/v2\/tags?post=6024"}],"curies":[{"name":"wp","href":"https:\/\/api.w.org\/{rel}","templated":true}]}}