{"id":60422,"date":"2017-09-30T14:48:19","date_gmt":"2017-09-30T12:48:19","guid":{"rendered":"http:\/\/www.tucomarca.com\/wordpress\/segunda\/?p=60422"},"modified":"2017-09-30T14:48:19","modified_gmt":"2017-09-30T12:48:19","slug":"mes-de-180-tecnics-municipals-es-connecten-en-valencia-per-a-abordar-la-transformacio-digital-de-ladministracio","status":"publish","type":"post","link":"https:\/\/www.tucomarca.com\/wordpress\/segunda\/mes-de-180-tecnics-municipals-es-connecten-en-valencia-per-a-abordar-la-transformacio-digital-de-ladministracio\/","title":{"rendered":"M\u00e9s de 180 t\u00e8cnics municipals es \u2018connecten\u2019 en Val\u00e8ncia per a abordar la transformaci\u00f3 digital de l\u2019administraci\u00f3"},"content":{"rendered":"<figure id=\"attachment_60423\" aria-describedby=\"caption-attachment-60423\" style=\"width: 510px\" class=\"wp-caption alignleft\"><img loading=\"lazy\" decoding=\"async\" class=\" wp-image-60423\" src=\"https:\/\/www.tucomarca.com\/wordpress\/segunda\/wp-content\/uploads\/2017\/09\/JornadesConnectaValencia01.jpeg\" alt=\"El diputat de Modernitzaci\u00f3, Ivan Mart\u00ed, ha destacat \u00abl\u2019elevat inter\u00e9s i l\u2019\u00f2ptima acollida d\u2019aquestes jornades\u00bb\" width=\"510\" height=\"383\" srcset=\"https:\/\/www.tucomarca.com\/wordpress\/segunda\/wp-content\/uploads\/2017\/09\/JornadesConnectaValencia01.jpeg 768w, https:\/\/www.tucomarca.com\/wordpress\/segunda\/wp-content\/uploads\/2017\/09\/JornadesConnectaValencia01-300x225.jpeg 300w\" sizes=\"auto, (max-width: 510px) 100vw, 510px\" \/><figcaption id=\"caption-attachment-60423\" class=\"wp-caption-text\"><em>El diputat de Modernitzaci\u00f3, Ivan Mart\u00ed, ha destacat \u00abl\u2019elevat inter\u00e9s i l\u2019\u00f2ptima acollida d\u2019aquestes jornades\u00bb<\/em><\/figcaption><\/figure>\n<p><b>Ivan Mart\u00ed: \u00abA trav\u00e9s d\u2019aquestes sessions hem pogut con\u00e8ixer en profunditat les possibilitats operatives del conjunt de projectes engegats per la Corporaci\u00f3 provincial en mat\u00e8ria de noves tecnologies\u00bb<\/b><\/p>\n<p><b>M\u00e9s de 70 consistoris han manifestat la seua voluntat d\u2019adherir-se a la plataforma <i>i-Pobles<\/i>, la qual permet tractar tota la informaci\u00f3 de forma electr\u00f2nica<\/b><\/p>\n<p>Prop de dos centenars de t\u00e8cnics municipals \u2013entre inform\u00e0tics, secretaris i interventors\u2013 han participat aquest divendres en la segona sessi\u00f3 de les jornades <i>Connecta Val\u00e8ncia<\/i>, celebrada al Centre Cultural de la Benefic\u00e8ncia, amb la intenci\u00f3 de con\u00e8ixer els serveis i potencialitats del conjunt de projectes engegats per la Corporaci\u00f3 provincial en mat\u00e8ria de noves tecnologies, les quals resulten essencials per al futur dels ajuntaments i la seua interacci\u00f3 amb la ciutadania.<\/p>\n<p>El diputat de Modernitzaci\u00f3, Ivan Mart\u00ed, ha destacat \u00abl\u2019elevat inter\u00e9s i l\u2019\u00f2ptima acollida d\u2019aquestes jornades\u00bb, en les quals \u00abhem pogut con\u00e8ixer en profunditat les possibilitats operatives de les diferents aplicacions, a m\u00e9s de comprovar quina \u00e9s l\u2019opini\u00f3 que en tenen els t\u00e8cnics sobre cadascun dels serveis electr\u00f2nics, donat que aquests s\u00f3n els encarregats de gestionar aquestes eines a diari\u00bb, ha subratllat Ivan Mart\u00ed.<\/p>\n<p>Entre aquests projectes, se n\u2019ha parlat de la plataforma de serveis \u2018smart cities\u2019; de l\u2019App Portals Municipals; aix\u00ed com dels serveis avan\u00e7ats de connectivitat per mitj\u00e0 d&#8217;una Xarxa Sense Fil Provincial de comunicacions (wifi), entre d\u2019altres. I, de forma molt especial, de la plataforma d\u2019administraci\u00f3 electr\u00f2nica <i>i-Pobles<\/i>, destinada a municipis amb un cens inferior als 20.000 habitants, entitats menors i mancomunitats. Una eina completa, amb tots els m\u00f2duls, \u00abque permetr\u00e0 tractar tota la informaci\u00f3 de forma electr\u00f2nica, reduir l\u2019\u00fas del paper, i sobretot, aconseguir una administraci\u00f3 m\u00e9s transparent i pr\u00f2xima a la ciutadania\u00bb, ha indicat el diputat.<\/p>\n<p>El responsable de l\u2019\u00c0rea de Modernitzaci\u00f3 i Desenvolupament de l\u2019Administraci\u00f3 Electr\u00f2nica s\u2019ha mostrat \u00abespecialment satisfet\u00bb pel fet que \u00abja en s\u00f3n 72 els consistoris que s\u2019han adherit a la plataforma i confiem que en siguen molts m\u00e9s al llarg de les properes setmanes\u00bb, ha remarcat.<\/p>\n<p>El proper pas per a la implantaci\u00f3 de la plataforma <i>i-Pobles<\/i> als ajuntaments de les comarques valencianes consistir\u00e0 \u00aben el disseny d\u2019un pla d\u2019implantaci\u00f3 per poder testejar el funcionament de la plataforma, tant en localitats grans com en menudes, seguint amb l\u2019esperit col\u00b7laboratiu i cooperatiu que apliquem a totes les nostres iniciatives\u00bb, ha detallat el diputat.<\/p>\n<p>Per fer \u00fas d\u2019aquesta plataforma \u00fanicament es requereix disposar de navegador amb acc\u00e9s a Internet i un certificat electr\u00f2nic, sense necessitat d\u2019instal\u00b7lar cap altre complement als equips inform\u00e0tics. Els seus m\u00f2duls permeten des del registre d&#8217;entrades i eixides \u2013presencial i telem\u00e0tic\u2013; la compulsa electr\u00f2nica; digitalitzaci\u00f3 de la informaci\u00f3; consultar l\u2019estat de qualsevol tr\u00e0mit o expedient; l\u2019arxiu de documents; seu electr\u00f2nica; pagament telem\u00e0tic; o notificacions electr\u00f2niques, entre d\u2019altres. \u00abUn seguit de serveis amb els quals aconseguim millorar la comunicaci\u00f3 i la transpar\u00e8ncia de les administracions cap a la ciutadania\u00bb, ha concl\u00f2s Ivan Mart\u00ed.<\/p>\n","protected":false},"excerpt":{"rendered":"<div class=\"mh-excerpt\">Ivan Mart\u00ed: \u00abA trav\u00e9s d\u2019aquestes sessions hem pogut con\u00e8ixer en profunditat les possibilitats operatives del conjunt de projectes engegats per la Corporaci\u00f3 provincial en mat\u00e8ria de noves tecnologies\u00bb M\u00e9s de 70 consistoris han manifestat la <a class=\"mh-excerpt-more\" href=\"https:\/\/www.tucomarca.com\/wordpress\/segunda\/mes-de-180-tecnics-municipals-es-connecten-en-valencia-per-a-abordar-la-transformacio-digital-de-ladministracio\/\" title=\"M\u00e9s de 180 t\u00e8cnics municipals es \u2018connecten\u2019 en Val\u00e8ncia per a abordar la transformaci\u00f3 digital de l\u2019administraci\u00f3\">[+] <\/a><\/div>\n","protected":false},"author":2,"featured_media":60423,"comment_status":"open","ping_status":"open","sticky":false,"template":"","format":"standard","meta":{"footnotes":""},"categories":[128,8,72,3,45],"tags":[3677,10626],"class_list":{"0":"post-60422","1":"post","2":"type-post","3":"status-publish","4":"format-standard","5":"has-post-thumbnail","7":"category-infraestructuras","8":"category-la-comarca","9":"category-sin-categorizar","10":"category-seccion","11":"category-ventana","12":"tag-diputacio-de-valencia","13":"tag-i-pobles"},"_links":{"self":[{"href":"https:\/\/www.tucomarca.com\/wordpress\/segunda\/wp-json\/wp\/v2\/posts\/60422","targetHints":{"allow":["GET"]}}],"collection":[{"href":"https:\/\/www.tucomarca.com\/wordpress\/segunda\/wp-json\/wp\/v2\/posts"}],"about":[{"href":"https:\/\/www.tucomarca.com\/wordpress\/segunda\/wp-json\/wp\/v2\/types\/post"}],"author":[{"embeddable":true,"href":"https:\/\/www.tucomarca.com\/wordpress\/segunda\/wp-json\/wp\/v2\/users\/2"}],"replies":[{"embeddable":true,"href":"https:\/\/www.tucomarca.com\/wordpress\/segunda\/wp-json\/wp\/v2\/comments?post=60422"}],"version-history":[{"count":0,"href":"https:\/\/www.tucomarca.com\/wordpress\/segunda\/wp-json\/wp\/v2\/posts\/60422\/revisions"}],"wp:featuredmedia":[{"embeddable":true,"href":"https:\/\/www.tucomarca.com\/wordpress\/segunda\/wp-json\/wp\/v2\/media\/60423"}],"wp:attachment":[{"href":"https:\/\/www.tucomarca.com\/wordpress\/segunda\/wp-json\/wp\/v2\/media?parent=60422"}],"wp:term":[{"taxonomy":"category","embeddable":true,"href":"https:\/\/www.tucomarca.com\/wordpress\/segunda\/wp-json\/wp\/v2\/categories?post=60422"},{"taxonomy":"post_tag","embeddable":true,"href":"https:\/\/www.tucomarca.com\/wordpress\/segunda\/wp-json\/wp\/v2\/tags?post=60422"}],"curies":[{"name":"wp","href":"https:\/\/api.w.org\/{rel}","templated":true}]}}