{"id":6054,"date":"2012-08-01T14:17:05","date_gmt":"2012-08-01T12:17:05","guid":{"rendered":"http:\/\/www.tucomarca.com\/wordpress\/segunda\/?p=6054"},"modified":"2012-08-01T14:17:05","modified_gmt":"2012-08-01T12:17:05","slug":"castellano-agradece-a-los-voluntarios-de-cruz-roja-%c2%absu-profesionalidad-y-entrega%c2%bb-en-los-recientes-incendios-forestales","status":"publish","type":"post","link":"https:\/\/www.tucomarca.com\/wordpress\/segunda\/castellano-agradece-a-los-voluntarios-de-cruz-roja-%c2%absu-profesionalidad-y-entrega%c2%bb-en-los-recientes-incendios-forestales\/","title":{"rendered":"Castellano agradece a los voluntarios de Cruz Roja \u00absu profesionalidad y entrega\u00bb en los recientes incendios forestales"},"content":{"rendered":"<p>El  conseller de Gobernaci\u00f3n, Seraf\u00edn Castellano, ha asistido al acto de  reconocimiento a los voluntarios de Cruz Roja que participaron en los  incendios declarados en Cortes de Pall\u00e1s, Andilla y Cocentaina, a  quienes ha agradecido su \u00abprofesionalidad, entrega y sacrificio\u00bb en  estas situaciones de emergencia.<\/p>\n<p>\u00abQueremos hacer un reconocimiento y rendir un homenaje p\u00fablico a  los cerca de 400 voluntarios que realizaron un papel fundamental y un  trabajo maravilloso en los seis albergues que estableci\u00f3 Cruz Roja para  atender a las personas desalojadas por prevenci\u00f3n durante los incendios  forestales\u00bb y ha recordado que durante los tres incendios se  establecieron seis albergues en Macastre, Tur\u00eds, Villara del Arzobispo,  Altura, Marines Nuevo y Alcoi.<\/p>\n<p>En este sentido, ha destacado que el voluntariado tiene un  \u00abdoble m\u00e9rito, trabaja desinteresadamente y tiene vocaci\u00f3n de   servicio\u00bb. Asimismo, ha reconocido a Cruz Roja todo su trabajo no s\u00f3lo  en materia de incendios, sino tambi\u00e9n en el trabajo realizado en las  playas de la Comunitat respecto a la prevenci\u00f3n, vigilancia, salvamento y  socorro.<\/p>\n<p>El titular de Gobernaci\u00f3n ha indicado que, a trav\u00e9s del  convenio entre la Generalitat y la ONG se movilizan los recursos de Cruz  Roja, basados en los ERIES (Equipos de Respuesta Inmediata). En este  caso, se instalaron albergues provisionales para que las personas  desalojadas de sus viviendas pudieran hacer uso de estas instalaciones  hasta regresar a sus hogares. Asimismo, Castellano ha a\u00f1adido que Cruz  Roja tambi\u00e9n cuenta con los ERIES de Asistencia Sanitaria y  Clasificaci\u00f3n de V\u00edctimas y los ERIES de Apoyo Psicosocial, utilizados  en otras emergencias.<\/p>\n<p><strong>Ejercicio de salvamento en playa <\/strong><\/p>\n<p>Tras el reconocimiento y agradecimiento a los voluntarios de  Cruz Roja, que ha tenido lugar en la Casa de la Cultura de Benic\u00e0ssim,  la ONG ha desarrollado un ejercicio de salvamento en la playa de la  Almagraba.<\/p>\n<p>Seg\u00fan Castellano, el Plan de Acci\u00f3n \u00abque firmamos anualmente  con Cruz Roja prev\u00e9 la realizaci\u00f3n de ejercicios y simulacros para  mejorar los procedimientos operativos y de coordinaci\u00f3n previamente  establecidos y para que el personal de la organizaci\u00f3n cuente con una  formaci\u00f3n de calidad\u00bb.<\/p>\n<p>En este sentido, el conseller ha destacado la integraci\u00f3n en  el tel\u00e9fono 112, en diciembre de 2010, de Cruz Roja, \u00abde manera que  todas las dependencias de la entidad disponen de un terminal Coordcom a  trav\u00e9s del cual se recibien todos los avisos de emergencias en las que  participan y se les moviliza de forma r\u00e1pida\u00bb.<\/p>\n<p>Asimismo, el Plan de Acci\u00f3n 2012 se incluye el Protocolo de  Playas que \u00abestablece los canales de comunicaci\u00f3n y coordinaci\u00f3n ante  las emergencias que se pudieran producir en nuestras playas. As\u00ed, se  integraron en el servicio 112 los datos de ubicaci\u00f3n geogr\u00e1fica de los  87 puestos de socorro con los que cuentan en 80 playas de 16 municipios  la Comunitat para actuar con celeridad\u00bb.<\/p>\n<p>Finalmente, el titular de Gobernaci\u00f3n ha agradecido tambi\u00e9n la  labor de los 500 profesionales y voluntarios de Cruz Roja que vigilan  las playas de la Comunitat y ha hecho un llamamiento a la prudencia de  los ciudadanos, \u00abrealizando el ba\u00f1o exclusivamente en zonas habilitadas  para ello, respetando la se\u00f1alizaci\u00f3n de las banderas y siguiendo las  instrucciones del servicio de vigilancia y salvamento. Y, sobre todo, en  caso de incidente, hay que llamar al tel\u00e9fono 112\u00bb.<\/p>\n","protected":false},"excerpt":{"rendered":"<div class=\"mh-excerpt\">El conseller de Gobernaci\u00f3n, Seraf\u00edn Castellano, ha asistido al acto de reconocimiento a los voluntarios de Cruz Roja que participaron en los incendios declarados en Cortes de Pall\u00e1s, Andilla y Cocentaina, a quienes ha agradecido <a class=\"mh-excerpt-more\" href=\"https:\/\/www.tucomarca.com\/wordpress\/segunda\/castellano-agradece-a-los-voluntarios-de-cruz-roja-%c2%absu-profesionalidad-y-entrega%c2%bb-en-los-recientes-incendios-forestales\/\" title=\"Castellano agradece a los voluntarios de Cruz Roja \u00absu profesionalidad y entrega\u00bb en los recientes incendios forestales\">[+] <\/a><\/div>\n","protected":false},"author":1,"featured_media":0,"comment_status":"open","ping_status":"open","sticky":false,"template":"","format":"standard","meta":{"footnotes":""},"categories":[8,72,10,3,116],"tags":[],"class_list":{"0":"post-6054","1":"post","2":"type-post","3":"status-publish","4":"format-standard","6":"category-la-comarca","7":"category-sin-categorizar","8":"category-la-hoya","9":"category-seccion","10":"category-sucesos-la-comarca"},"_links":{"self":[{"href":"https:\/\/www.tucomarca.com\/wordpress\/segunda\/wp-json\/wp\/v2\/posts\/6054","targetHints":{"allow":["GET"]}}],"collection":[{"href":"https:\/\/www.tucomarca.com\/wordpress\/segunda\/wp-json\/wp\/v2\/posts"}],"about":[{"href":"https:\/\/www.tucomarca.com\/wordpress\/segunda\/wp-json\/wp\/v2\/types\/post"}],"author":[{"embeddable":true,"href":"https:\/\/www.tucomarca.com\/wordpress\/segunda\/wp-json\/wp\/v2\/users\/1"}],"replies":[{"embeddable":true,"href":"https:\/\/www.tucomarca.com\/wordpress\/segunda\/wp-json\/wp\/v2\/comments?post=6054"}],"version-history":[{"count":0,"href":"https:\/\/www.tucomarca.com\/wordpress\/segunda\/wp-json\/wp\/v2\/posts\/6054\/revisions"}],"wp:attachment":[{"href":"https:\/\/www.tucomarca.com\/wordpress\/segunda\/wp-json\/wp\/v2\/media?parent=6054"}],"wp:term":[{"taxonomy":"category","embeddable":true,"href":"https:\/\/www.tucomarca.com\/wordpress\/segunda\/wp-json\/wp\/v2\/categories?post=6054"},{"taxonomy":"post_tag","embeddable":true,"href":"https:\/\/www.tucomarca.com\/wordpress\/segunda\/wp-json\/wp\/v2\/tags?post=6054"}],"curies":[{"name":"wp","href":"https:\/\/api.w.org\/{rel}","templated":true}]}}