{"id":6057,"date":"2012-08-01T14:36:18","date_gmt":"2012-08-01T12:36:18","guid":{"rendered":"http:\/\/www.tucomarca.com\/wordpress\/segunda\/?p=6057"},"modified":"2012-08-01T14:36:18","modified_gmt":"2012-08-01T12:36:18","slug":"cuatro-de-los-siete-municipios-del-valle-de-ayora-disponen-de-residencias-y-centros-de-dia-para-mayores-dependientes","status":"publish","type":"post","link":"https:\/\/www.tucomarca.com\/wordpress\/segunda\/cuatro-de-los-siete-municipios-del-valle-de-ayora-disponen-de-residencias-y-centros-de-dia-para-mayores-dependientes\/","title":{"rendered":"Cuatro de los siete municipios del Valle de Ayora disponen de residencias y centros de d\u00eda para mayores dependientes"},"content":{"rendered":"<div>Cuatro  de los siete municipios de la comarca del Valle de Ayora disponen de  centros residenciales y centros de d\u00eda para personas mayores  dependientes, seg\u00fan ha explicado el secretario auton\u00f3mico de Autonom\u00eda  Personal y Dependencia, Joaqu\u00edn Mart\u00ednez, \u00ablo que la convierte en la  comarca  de la Comunitat Valenciana con el mayor n\u00famero de plazas  residenciales por n\u00famero de personas mayores de 65 a\u00f1os\u00bb, seg\u00fan ha dicho.<\/div>\n<p>El secretario auton\u00f3mico, acompa\u00f1ado por la directora general  de Acci\u00f3n Social y Mayores, Pilar Albert, ha visitado Jalance,  Ayora y  Teresa de Cofrentes, donde se ha reunido con sus alcaldes y,  posteriormente, ha visitado las residencias para personas mayores  dependientes de Jalance y Teresa de Cofrentes.<\/p>\n<p><strong>Recursos en la comarca <\/strong><\/p>\n<p>Durante la visita, el secretario auton\u00f3mico ha destacado que la  comarca del Valle de Ayora \u00abcuenta con una red de recursos sociales  compuesta por 6 centros y 222 plazas, en las que se atiende a personas  mayores, personas con discapacidad y personas con enfermedad mental y a  sus familias\u00bb.<\/p>\n<p>Concretamente para personas mayores la comarca cuenta con 4  residencias situadas en Cofrentes, Jalance, Jarafuel y Teresa de  Confrontes con un total de 159 plazas. Adem\u00e1s, Jarafuel dispone de un  centro de d\u00eda para personas mayores con 29 plazas, y en Ayora hay un  Centro Ocupacional para personas con discapacidad.<\/p>\n<p><strong>Plazas para mayores <\/strong><\/p>\n<p>Actualmente, la Comunitat Valenciana cuenta con 27.680 plazas  residenciales y 4.993 plazas de d\u00eda para mayores, en un total de 342  centros residenciales y 160 centros de d\u00eda.<\/p>\n<p>El secretario auton\u00f3mico ha asegurado que la Generalitat  Valenciana, \u00aba pesar de la dif\u00edcil situaci\u00f3n econ\u00f3mica que estamos  atravesando, sigue realizando un gran esfuerzo econ\u00f3mico en lo que se  refiere a recursos y servicios destinados a los grupos de poblaci\u00f3n m\u00e1s  vulnerables\u00bb. Para 2012, la Conselleria de Justicia y Bienestar Social  ha destinado 206&#8217;7 millones de euros a pol\u00edticas relacionadas con las  personas mayores.<\/p>\n<p>\u00abEs un compromiso del Consell -ha a\u00f1adido Mart\u00ednez- garantizar  las prestaciones y servicios necesarios para atender adecuadamente a  las personas mayores dependientes de la Comunitat Valenciana\u00bb.<\/p>\n","protected":false},"excerpt":{"rendered":"<div class=\"mh-excerpt\">Cuatro de los siete municipios de la comarca del Valle de Ayora disponen de centros residenciales y centros de d\u00eda para personas mayores dependientes, seg\u00fan ha explicado el secretario auton\u00f3mico de Autonom\u00eda Personal y Dependencia, <a class=\"mh-excerpt-more\" href=\"https:\/\/www.tucomarca.com\/wordpress\/segunda\/cuatro-de-los-siete-municipios-del-valle-de-ayora-disponen-de-residencias-y-centros-de-dia-para-mayores-dependientes\/\" title=\"Cuatro de los siete municipios del Valle de Ayora disponen de residencias y centros de d\u00eda para mayores dependientes\">[+] <\/a><\/div>\n","protected":false},"author":1,"featured_media":0,"comment_status":"open","ping_status":"open","sticky":false,"template":"","format":"standard","meta":{"footnotes":""},"categories":[38,41,128,230,231,8,3,232],"tags":[],"class_list":{"0":"post-6057","1":"post","2":"type-post","3":"status-publish","4":"format-standard","6":"category-ayora-cofrentes","7":"category-cofrentes","8":"category-infraestructuras","9":"category-jalance","10":"category-jarafuel","11":"category-la-comarca","12":"category-seccion","13":"category-teresa-de-cofrentes"},"_links":{"self":[{"href":"https:\/\/www.tucomarca.com\/wordpress\/segunda\/wp-json\/wp\/v2\/posts\/6057","targetHints":{"allow":["GET"]}}],"collection":[{"href":"https:\/\/www.tucomarca.com\/wordpress\/segunda\/wp-json\/wp\/v2\/posts"}],"about":[{"href":"https:\/\/www.tucomarca.com\/wordpress\/segunda\/wp-json\/wp\/v2\/types\/post"}],"author":[{"embeddable":true,"href":"https:\/\/www.tucomarca.com\/wordpress\/segunda\/wp-json\/wp\/v2\/users\/1"}],"replies":[{"embeddable":true,"href":"https:\/\/www.tucomarca.com\/wordpress\/segunda\/wp-json\/wp\/v2\/comments?post=6057"}],"version-history":[{"count":0,"href":"https:\/\/www.tucomarca.com\/wordpress\/segunda\/wp-json\/wp\/v2\/posts\/6057\/revisions"}],"wp:attachment":[{"href":"https:\/\/www.tucomarca.com\/wordpress\/segunda\/wp-json\/wp\/v2\/media?parent=6057"}],"wp:term":[{"taxonomy":"category","embeddable":true,"href":"https:\/\/www.tucomarca.com\/wordpress\/segunda\/wp-json\/wp\/v2\/categories?post=6057"},{"taxonomy":"post_tag","embeddable":true,"href":"https:\/\/www.tucomarca.com\/wordpress\/segunda\/wp-json\/wp\/v2\/tags?post=6057"}],"curies":[{"name":"wp","href":"https:\/\/api.w.org\/{rel}","templated":true}]}}