{"id":6060,"date":"2012-08-02T18:28:04","date_gmt":"2012-08-02T16:28:04","guid":{"rendered":"http:\/\/www.tucomarca.com\/wordpress\/segunda\/?p=6060"},"modified":"2012-08-02T18:28:04","modified_gmt":"2012-08-02T16:28:04","slug":"maria-jose-casero-%c2%abeste-ha-sido-un-ano-de-transicion-a-lo-que-ha-de-ser-una-legislatura-fructifera%c2%bb","status":"publish","type":"post","link":"https:\/\/www.tucomarca.com\/wordpress\/segunda\/maria-jose-casero-%c2%abeste-ha-sido-un-ano-de-transicion-a-lo-que-ha-de-ser-una-legislatura-fructifera%c2%bb\/","title":{"rendered":"Mar\u00eda Jos\u00e9 Casero: \u00abEste ha sido un a\u00f1o de transici\u00f3n a lo que ha de ser una legislatura fruct\u00edfera\u00bb"},"content":{"rendered":"<figure id=\"attachment_6061\" aria-describedby=\"caption-attachment-6061\" style=\"width: 264px\" class=\"wp-caption alignleft\"><a href=\"https:\/\/www.tucomarca.com\/wordpress\/segunda\/wp-content\/uploads\/2012\/08\/MariaJoseCasero.jpg\"><img loading=\"lazy\" decoding=\"async\" class=\"size-large wp-image-6061  \" title=\"MariaJoseCasero\" src=\"https:\/\/www.tucomarca.com\/wordpress\/segunda\/wp-content\/uploads\/2012\/08\/MariaJoseCasero-734x1024.jpg\" alt=\"La alcaldesa de Macastre, Mar\u00eda Jos\u00e9 Casero.\" width=\"264\" height=\"368\" \/><\/a><figcaption id=\"caption-attachment-6061\" class=\"wp-caption-text\">La alcaldesa de Macastre, Mar\u00eda Jos\u00e9 Casero.<\/figcaption><\/figure>\n<p>El primer a\u00f1o de gesti\u00f3n de M\u00aa Jos\u00e9 Casero al frente del consistorio de Macastre ha sido especialmente duro debido a la dif\u00edcil coyuntura econ\u00f3mica en la que se ha desarrollado y que se ha visto agravada tras el incendio forestal acontecido semanas atr\u00e1s. Todas estas piedras en el camino no han mermado el \u00edmpetu de quien apuesta por una r\u00e1pida salida de la crisis, as\u00ed como por la ejecuci\u00f3n de los proyectos recogidos en el programa electoral.<br \/>\n\u2014 PREGUNTA: \u00bfQu\u00e9 valoraci\u00f3n hace de su gesti\u00f3n tras el primer a\u00f1o de la legislatura?<br \/>\n\u2014RESPUESTA: El calificativo que mejor define este primer a\u00f1o es \u00abintenso\u00bb.\u00a0 Ha sido un a\u00f1o en el que se han cambiado muchas cosas en el Ayuntamiento de Macastre y en el que se ha contado con nuevas personas al frente de las \u00e1reas m\u00e1s importantes: contabilidad, secretar\u00eda y oficina t\u00e9cnica. Todos estos cambios han requerido un gran trabajo por parte de todo el personal del Ayuntamiento. Es un primer a\u00f1o en el que se est\u00e1n fijando las bases de un nuevo Ayuntamiento. Un a\u00f1o de transici\u00f3n hacia lo que ha de ser una legislatura fruct\u00edfera, en la que se resuelvan tanto los problemas que hemos heredado y en la que tambi\u00e9n se puedan llevar a cabo proyectos importantes para nuestro municipio.<br \/>\n\u2014 \u00bfQu\u00e9 ha sido lo m\u00e1s dif\u00edcil desde su llegada al consistorio?<br \/>\n\u2014 Desde luego, y sin lugar a dudas, los momentos m\u00e1s duros han sido los vividos recientemente con el incendio originado en Cortes de Pall\u00e1s que ha asolado nuestro t\u00e9rmino municipal. Esta situaci\u00f3n no se la deseo pasar a ning\u00fan alcalde.<br \/>\n\u2014 \u00bfCu\u00e1les han sido los primeros pasos dados en su gesti\u00f3n?<br \/>\n\u2014 Los primeros pasos han ido encaminados a cambiar el Ayuntamiento y rehacer por completo este ente municipal. Y lo hemos hecho en muchas \u00e1reas: pago de la deuda a proveedores, tanto a trav\u00e9s de los diversos planes de la Diputaci\u00f3n, como con el plan de ajuste que se deriva del Real Decreto 4\/2012, como con el reajuste de la propia tesorer\u00eda municipal. Tambi\u00e9n hemos logrado avanzar y trabajar en los diversos juicios que el Ayuntamiento ten\u00eda pendientes y, sobre todo, y como buena noticia de la legislatura, se ha ganado el recurso contra la sentencia interpuesta por el Juzgado de Valencia que nos obligaba a pagar 1.470.000 euros al Emtre. Otra de las \u00e1reas en las que hemos trabajado con un nuevo modelo de gesti\u00f3n ha sido la oficina t\u00e9cnica, para lo que se ha retomado el proyecto de reparcelaci\u00f3n de la SAO y se est\u00e1 trabajando en el de urbanizaci\u00f3n. Los primeros pasos buscan sanear la situaci\u00f3n del Ayuntamiento y solucionar los problemas de los ciudadanos, que es para quienes trabajamos.<br \/>\n\u2014 \u00bfDe qu\u00e9 forma afecta la actual crisis econ\u00f3mica al desarrollo de su programa electoral?<br \/>\n\u2014 Afecta, como para todos los ciudadanos de este pa\u00eds, de una forma negativa y requiere que seamos mucho m\u00e1s prudentes con el gasto. Esta dif\u00edcil coyuntura nos ha obligado a ajustarnos el cintur\u00f3n y reducir un 31% los Presupuestos municipales del a\u00f1o 2012. No obstante, seguimos trabajando por cumplir con el programa en lo que resta de legislatura y ya en este a\u00f1o vamos a realizar proyectos importantes que reflej\u00e1bamos en nuestro programa: la restauraci\u00f3n del Bolot como \u00e1rea recreativa y paraje natural, la limpieza del vertedero situado en la variante, la mejora del alumbrado p\u00fablico y la plaza de los \u00e1rboles, el patrocinio de nuestro pueblo a trav\u00e9s de iniciativas como la primera Feria de Artesan\u00eda, el impulso de la cultura con una biblioteca din\u00e1mica y actividades culturales durante el a\u00f1o como la semana cultural, el comienzo de la zona deportiva en el campo de f\u00fatbol y la puesta en marcha del proyecto de urbanizaci\u00f3n de la SAO. Pero la crisis no es el \u00fanico reto al que nos tenemos que enfrentar, pues a ella se ha sumado la devastaci\u00f3n que ha causado el incendio en nuestro t\u00e9rmino municipal.<br \/>\n\u2014 \u00bfQu\u00e9 nota le pone a su equipo de gobierno?<br \/>\n\u2014 Le pongo un nueve, porque siempre se puede hacer mejor. El 10 ser\u00e1 nuestro objetivo en los pr\u00f3ximos a\u00f1os de legislatura.\u00a0 El equipo que me acompa\u00f1a d\u00eda a d\u00eda en este dif\u00edcil Ayuntamiento se est\u00e1 dejando la piel en su trabajo e intentando hacerlo mejor posible. Si de algo estoy contenta es de lo a gusto que trabajamos como equipo. Esta es la mejor recompensa de la funci\u00f3n p\u00fablica: hacer las cosas a gusto por tu pueblo.<br \/>\n\u2014 \u00bfY a la oposici\u00f3n?<br \/>\n\u2014 Tambi\u00e9n se lleva una buena nota. El trato es cordial y cercano pero, sobre todo, respetuoso. Trabajando desde el respeto se consigue engrandecer la pol\u00edtica, algo que desgraciadamente ocurre menos en nuestro pa\u00eds y ha llevado a que los pol\u00edticos estemos tan mal valorados por los ciudadanos.<br \/>\n\u2014 Com\u00e9ntenos una de las decisiones m\u00e1s dif\u00edciles que haya tenido que tomar.<br \/>\n\u2014 Disminuir en un 31 %\u00a0 los Presupuestos Generales para 2012 y con eso un 17% a las veintid\u00f3s asociaciones del pueblo. Por eso debemos seguir trabajando para que \u00e9sta situaci\u00f3n cambie cuanto antes.<br \/>\n\u2014 \u00bfQu\u00e9 mensaje le gustar\u00eda trasladar a la ciudadan\u00eda tras el devastador incendio forestal que ha afectado a una parte importante del t\u00e9rmino municipal?<br \/>\n\u2014 Me gustar\u00eda trasladar un mensaje de optimismo y esperanza. Sobre todo porque yo soy as\u00ed, pero tambi\u00e9n porque no veo otra v\u00eda que la de enfrentarse a la cat\u00e1strofe con ganas de trabajar para volver a ver nuestros bosques verdes. Ahora hay que coger fuerzas y no dejar de trabajar para que se lleven a cabo las mejoras de las instalaciones e infraestructuras afectadas. Para conseguirlo contamos con la aportaci\u00f3n de la Diputaci\u00f3n de Valencia, ya que este ha sido el primer pueblo en el que ha intervenido el ente provincial. Hay que trabajar intensamente en la tramitaci\u00f3n de las ayudas a los afectados y procurar que la reforestaci\u00f3n se lleve\u00a0 a cabo de la mejor forma posible.<br \/>\n\u2014 \u00bfCu\u00e1les son los grandes retos para el pr\u00f3ximo ejercicio 2013?<br \/>\n\u2014 El primer gran reto para 2013 es el econ\u00f3mico, ya que con la mejora de las arcas del Ayuntamiento podremos llevar a cabo nuestro segundo gran objetivo: el urban\u00edstico. Un \u00e1rea en la que se trabajar\u00e1 en la ordenaci\u00f3n de la SAO y el campo de f\u00fatbol. Y desde luego, nuestro gran reto es la gesti\u00f3n de la situaci\u00f3n derivada\u00a0 del incendio forestal a todos los niveles.<br \/>\n\u2014 Un deseo para lo que resta de legislatura.<br \/>\n\u2014 Que la crisis acabe cuanto antes y que disminuya el paro.<\/p>\n","protected":false},"excerpt":{"rendered":"<div class=\"mh-excerpt\">El primer a\u00f1o de gesti\u00f3n de M\u00aa Jos\u00e9 Casero al frente del consistorio de Macastre ha sido especialmente duro debido a la dif\u00edcil coyuntura econ\u00f3mica en la que se ha desarrollado y que se ha <a class=\"mh-excerpt-more\" href=\"https:\/\/www.tucomarca.com\/wordpress\/segunda\/maria-jose-casero-%c2%abeste-ha-sido-un-ano-de-transicion-a-lo-que-ha-de-ser-una-legislatura-fructifera%c2%bb\/\" title=\"Mar\u00eda Jos\u00e9 Casero: \u00abEste ha sido un a\u00f1o de transici\u00f3n a lo que ha de ser una legislatura fruct\u00edfera\u00bb\">[+] <\/a><\/div>\n","protected":false},"author":1,"featured_media":6061,"comment_status":"open","ping_status":"open","sticky":false,"template":"","format":"standard","meta":{"footnotes":""},"categories":[8,10,13,142,3],"tags":[],"class_list":{"0":"post-6060","1":"post","2":"type-post","3":"status-publish","4":"format-standard","5":"has-post-thumbnail","7":"category-la-comarca","8":"category-la-hoya","9":"category-macastre","10":"category-politica-la-comarca","11":"category-seccion"},"_links":{"self":[{"href":"https:\/\/www.tucomarca.com\/wordpress\/segunda\/wp-json\/wp\/v2\/posts\/6060","targetHints":{"allow":["GET"]}}],"collection":[{"href":"https:\/\/www.tucomarca.com\/wordpress\/segunda\/wp-json\/wp\/v2\/posts"}],"about":[{"href":"https:\/\/www.tucomarca.com\/wordpress\/segunda\/wp-json\/wp\/v2\/types\/post"}],"author":[{"embeddable":true,"href":"https:\/\/www.tucomarca.com\/wordpress\/segunda\/wp-json\/wp\/v2\/users\/1"}],"replies":[{"embeddable":true,"href":"https:\/\/www.tucomarca.com\/wordpress\/segunda\/wp-json\/wp\/v2\/comments?post=6060"}],"version-history":[{"count":0,"href":"https:\/\/www.tucomarca.com\/wordpress\/segunda\/wp-json\/wp\/v2\/posts\/6060\/revisions"}],"wp:featuredmedia":[{"embeddable":true,"href":"https:\/\/www.tucomarca.com\/wordpress\/segunda\/wp-json\/wp\/v2\/media\/6061"}],"wp:attachment":[{"href":"https:\/\/www.tucomarca.com\/wordpress\/segunda\/wp-json\/wp\/v2\/media?parent=6060"}],"wp:term":[{"taxonomy":"category","embeddable":true,"href":"https:\/\/www.tucomarca.com\/wordpress\/segunda\/wp-json\/wp\/v2\/categories?post=6060"},{"taxonomy":"post_tag","embeddable":true,"href":"https:\/\/www.tucomarca.com\/wordpress\/segunda\/wp-json\/wp\/v2\/tags?post=6060"}],"curies":[{"name":"wp","href":"https:\/\/api.w.org\/{rel}","templated":true}]}}