{"id":6064,"date":"2012-08-02T18:35:53","date_gmt":"2012-08-02T16:35:53","guid":{"rendered":"http:\/\/www.tucomarca.com\/wordpress\/segunda\/?p=6064"},"modified":"2012-08-07T11:30:53","modified_gmt":"2012-08-07T09:30:53","slug":"la-union-musical-%c2%absanta-cecilia%c2%bb-de-cortes-de-pallas-celebra-su-fiesta-de-la-musica","status":"publish","type":"post","link":"https:\/\/www.tucomarca.com\/wordpress\/segunda\/la-union-musical-%c2%absanta-cecilia%c2%bb-de-cortes-de-pallas-celebra-su-fiesta-de-la-musica\/","title":{"rendered":"La Uni\u00f3n Musical \u00abSanta Cecilia\u00bb de Cortes de Pall\u00e1s celebra su fiesta de la m\u00fasica"},"content":{"rendered":"<p>La Uni\u00f3n Musical \u00abSanta Cecilia\u00bb de Cortes de Pall\u00e1s celebr\u00f3 del 7 al 15 de julio la festividad en honor a la patrona de los m\u00fasicos, una festividad que se hace coincidir con la etapa estival a fin de contar con una mayor participaci\u00f3n vecinal.<br \/>\nAl extraordinario y entretenido concierto ofrecido por la banda bajo la batuta de Juan Luis Tormo y en el que se homenaje\u00f3 al veterano \u00abValero\u00bb, se han unido otros momentos de la fiesta mucho m\u00e1s l\u00fadicos como la recogida de la musa, Laura Navarro, y el merecido reconocimiento a los festeros de honor: Segundino Enrique S\u00e1ez Serrano, M\u00aa Carmen Serrano Valiente, M\u00aa Julia Piera Gald\u00f3n y Mar\u00eda Herr\u00e1ez S\u00e1nchez.<\/p>\n","protected":false},"excerpt":{"rendered":"<div class=\"mh-excerpt\">La Uni\u00f3n Musical \u00abSanta Cecilia\u00bb de Cortes de Pall\u00e1s celebr\u00f3 del 7 al 15 de julio la festividad en honor a la patrona de los m\u00fasicos, una festividad que se hace coincidir con la etapa <a class=\"mh-excerpt-more\" href=\"https:\/\/www.tucomarca.com\/wordpress\/segunda\/la-union-musical-%c2%absanta-cecilia%c2%bb-de-cortes-de-pallas-celebra-su-fiesta-de-la-musica\/\" title=\"La Uni\u00f3n Musical \u00abSanta Cecilia\u00bb de Cortes de Pall\u00e1s celebra su fiesta de la m\u00fasica\">[+] <\/a><\/div>\n","protected":false},"author":1,"featured_media":6066,"comment_status":"open","ping_status":"open","sticky":false,"template":"","format":"standard","meta":{"footnotes":""},"categories":[38,66,40,7,383,3,45],"tags":[],"class_list":{"0":"post-6064","1":"post","2":"type-post","3":"status-publish","4":"format-standard","5":"has-post-thumbnail","7":"category-ayora-cofrentes","8":"category-musica","9":"category-cortes-de-pallas","10":"category-ocio-y-cultura","11":"category-pueblos-en-fiestas","12":"category-seccion","13":"category-ventana"},"_links":{"self":[{"href":"https:\/\/www.tucomarca.com\/wordpress\/segunda\/wp-json\/wp\/v2\/posts\/6064","targetHints":{"allow":["GET"]}}],"collection":[{"href":"https:\/\/www.tucomarca.com\/wordpress\/segunda\/wp-json\/wp\/v2\/posts"}],"about":[{"href":"https:\/\/www.tucomarca.com\/wordpress\/segunda\/wp-json\/wp\/v2\/types\/post"}],"author":[{"embeddable":true,"href":"https:\/\/www.tucomarca.com\/wordpress\/segunda\/wp-json\/wp\/v2\/users\/1"}],"replies":[{"embeddable":true,"href":"https:\/\/www.tucomarca.com\/wordpress\/segunda\/wp-json\/wp\/v2\/comments?post=6064"}],"version-history":[{"count":0,"href":"https:\/\/www.tucomarca.com\/wordpress\/segunda\/wp-json\/wp\/v2\/posts\/6064\/revisions"}],"wp:featuredmedia":[{"embeddable":true,"href":"https:\/\/www.tucomarca.com\/wordpress\/segunda\/wp-json\/wp\/v2\/media\/6066"}],"wp:attachment":[{"href":"https:\/\/www.tucomarca.com\/wordpress\/segunda\/wp-json\/wp\/v2\/media?parent=6064"}],"wp:term":[{"taxonomy":"category","embeddable":true,"href":"https:\/\/www.tucomarca.com\/wordpress\/segunda\/wp-json\/wp\/v2\/categories?post=6064"},{"taxonomy":"post_tag","embeddable":true,"href":"https:\/\/www.tucomarca.com\/wordpress\/segunda\/wp-json\/wp\/v2\/tags?post=6064"}],"curies":[{"name":"wp","href":"https:\/\/api.w.org\/{rel}","templated":true}]}}