{"id":60662,"date":"2017-10-06T17:14:10","date_gmt":"2017-10-06T15:14:10","guid":{"rendered":"http:\/\/www.tucomarca.com\/wordpress\/segunda\/?p=60662"},"modified":"2017-10-06T17:14:10","modified_gmt":"2017-10-06T15:14:10","slug":"una-via-per-a-vianants-i-ciclistes-unira-la-pobla-de-vallbona-i-leliana-en-paral%c2%b7lel-a-la-cv-375","status":"publish","type":"post","link":"https:\/\/www.tucomarca.com\/wordpress\/segunda\/una-via-per-a-vianants-i-ciclistes-unira-la-pobla-de-vallbona-i-leliana-en-paral%c2%b7lel-a-la-cv-375\/","title":{"rendered":"Una via per a vianants i ciclistes unir\u00e0 La Pobla de Vallbona i L\u2019Eliana en paral\u00b7lel a la CV-375"},"content":{"rendered":"<figure id=\"attachment_60664\" aria-describedby=\"caption-attachment-60664\" style=\"width: 1280px\" class=\"wp-caption alignleft\"><img loading=\"lazy\" decoding=\"async\" class=\"size-full wp-image-60664\" src=\"https:\/\/www.tucomarca.com\/wordpress\/segunda\/wp-content\/uploads\/2017\/10\/dipu-lapobla.jpeg\" alt=\"Nuevos pasos de la Diputaci\u00f3n de Valencia y el Ayuntamiento de La Pobla de Vallbona hacia una v\u00eda ciclopeatonal que una el municipio y L'Eliana en paralelo a la CV-375.\" width=\"1280\" height=\"960\" srcset=\"https:\/\/www.tucomarca.com\/wordpress\/segunda\/wp-content\/uploads\/2017\/10\/dipu-lapobla.jpeg 1280w, https:\/\/www.tucomarca.com\/wordpress\/segunda\/wp-content\/uploads\/2017\/10\/dipu-lapobla-300x225.jpeg 300w, https:\/\/www.tucomarca.com\/wordpress\/segunda\/wp-content\/uploads\/2017\/10\/dipu-lapobla-768x576.jpeg 768w, https:\/\/www.tucomarca.com\/wordpress\/segunda\/wp-content\/uploads\/2017\/10\/dipu-lapobla-1024x768.jpeg 1024w\" sizes=\"auto, (max-width: 1280px) 100vw, 1280px\" \/><figcaption id=\"caption-attachment-60664\" class=\"wp-caption-text\"><em>Nuevos pasos de la Diputaci\u00f3n de Valencia y el Ayuntamiento de La Pobla de Vallbona hacia una v\u00eda ciclopeatonal que una el municipio y L&#8217;Eliana en paralelo a la CV-375.<\/em><\/figcaption><\/figure>\n<p><b>El projecte, que la Diputaci\u00f3 de Val\u00e8ncia planteja en dues fases, inclou la construcci\u00f3 d&#8217;una rotonda en la intersecci\u00f3 amb el Cam\u00ed de l\u2019Assagador<\/b><\/p>\n<p><b>El consistori adquirir\u00e0 els terrenys necessaris per al desenvolupament de la nova via i la instituci\u00f3 provincial assumir\u00e0 la construcci\u00f3<\/b><\/p>\n<p>La Diputaci\u00f3 de Val\u00e8ncia i l&#8217;Ajuntament de La Pobla de Vallbona han fet un pas m\u00e9s cap a la materialitzaci\u00f3 de la futura via per a vianants i ciclistes que connectar\u00e0 aquest municipi amb La Pobla de Vallbona, en paral\u00b7lel a la CV-375. Es tracta d&#8217;una infraestructura que en la seua primera fase permetr\u00e0 unir el casc urb\u00e0 de La Pobla de Vallbona amb el pol\u00edgon industrial, amb un recorregut de 1.652 metres i el projecte dels quals, tal com han acordat el diputat de Carreteres, Pablo Segu\u00ed, i l&#8217;alcalde del municipi, Josep Vicent Garc\u00eda, inclour\u00e0 la construcci\u00f3 d&#8217;una rotonda per a solucionar la intersecci\u00f3 amb el Cam\u00ed de L\u2019Assagador.<\/p>\n<p>L&#8217;actuaci\u00f3 forma part del Pla de Mobilitat per a Vianants i Ciclistes amb el qual la Diputaci\u00f3 de Val\u00e8ncia vol dur a terme la creaci\u00f3 de 97 rutes dissenyades espec\u00edficament per a la circulaci\u00f3 de vianants i ciclistes en un total de 102 municipis valencians. Una ambici\u00f3s pla que, tal com ha recordat Segu\u00ed, \u201caposta per la seguretat d&#8217;eixos altres usuaris de la carretera que pret\u00e9n al temps vertebrar les comarques valencianes des de la perspectiva de la mobilitat sostenible\u201d.<\/p>\n<p>En el cas concret de la CV-375, la instituci\u00f3 provincial preveu invertir un total de 282.000 euros en la construcci\u00f3 d&#8217;aquesta primera fase del projecte, que arribaria fins al pol\u00edgon industrial. Uns treballs que podran veure&#8217;s accelerats respecte a la planificaci\u00f3 inicial gr\u00e0cies a la implicaci\u00f3 de l&#8217;ajuntament, que s&#8217;ha comprom\u00e8s a gestionar l&#8217;adquisici\u00f3 dels terrenys tan prompte com l&#8217;\u00e0rea de Carreteres tinga llest el projecte.<\/p>\n<p>Per la seua banda, la Diputaci\u00f3 de Val\u00e8ncia s&#8217;ha mostrat disposada a incloure en els plecs la construcci\u00f3 de la rotonda sol\u00b7licitada pel consistori. Tal com ha destacat Pablo Segu\u00ed, \u201ctotes les actuacions que es duen a terme des de l&#8217;\u00e0rea de Carreteres de la Diputaci\u00f3 de Val\u00e8ncia tenen l&#8217;objectiu com\u00fa de contribuir a augmentar la seguretat de quants circulen per elles i, en aquest cas, s&#8217;ha valorat la possibilitat de desenvolupar una actuaci\u00f3 integral que responga al temps a la seguretat de ciclistes i vianants i a la seguretat dels usuaris motoritzats\u201d.<\/p>\n","protected":false},"excerpt":{"rendered":"<div class=\"mh-excerpt\">El projecte, que la Diputaci\u00f3 de Val\u00e8ncia planteja en dues fases, inclou la construcci\u00f3 d&#8217;una rotonda en la intersecci\u00f3 amb el Cam\u00ed de l\u2019Assagador El consistori adquirir\u00e0 els terrenys necessaris per al desenvolupament de la <a class=\"mh-excerpt-more\" href=\"https:\/\/www.tucomarca.com\/wordpress\/segunda\/una-via-per-a-vianants-i-ciclistes-unira-la-pobla-de-vallbona-i-leliana-en-paral%c2%b7lel-a-la-cv-375\/\" title=\"Una via per a vianants i ciclistes unir\u00e0 La Pobla de Vallbona i L\u2019Eliana en paral\u00b7lel a la CV-375\">[+] <\/a><\/div>\n","protected":false},"author":2,"featured_media":60664,"comment_status":"open","ping_status":"open","sticky":false,"template":"","format":"standard","meta":{"footnotes":""},"categories":[46,128,177,8,174,3,45],"tags":[10633,4016,204],"class_list":{"0":"post-60662","1":"post","2":"type-post","3":"status-publish","4":"format-standard","5":"has-post-thumbnail","7":"category-camp-de-turia","8":"category-infraestructuras","9":"category-leliana","10":"category-la-comarca","11":"category-la-pobla","12":"category-seccion","13":"category-ventana","14":"tag-ajuntament-de-la-pobla-de-vallbona","15":"tag-comarca-camp-de-turia","16":"tag-diputacion"},"_links":{"self":[{"href":"https:\/\/www.tucomarca.com\/wordpress\/segunda\/wp-json\/wp\/v2\/posts\/60662","targetHints":{"allow":["GET"]}}],"collection":[{"href":"https:\/\/www.tucomarca.com\/wordpress\/segunda\/wp-json\/wp\/v2\/posts"}],"about":[{"href":"https:\/\/www.tucomarca.com\/wordpress\/segunda\/wp-json\/wp\/v2\/types\/post"}],"author":[{"embeddable":true,"href":"https:\/\/www.tucomarca.com\/wordpress\/segunda\/wp-json\/wp\/v2\/users\/2"}],"replies":[{"embeddable":true,"href":"https:\/\/www.tucomarca.com\/wordpress\/segunda\/wp-json\/wp\/v2\/comments?post=60662"}],"version-history":[{"count":0,"href":"https:\/\/www.tucomarca.com\/wordpress\/segunda\/wp-json\/wp\/v2\/posts\/60662\/revisions"}],"wp:featuredmedia":[{"embeddable":true,"href":"https:\/\/www.tucomarca.com\/wordpress\/segunda\/wp-json\/wp\/v2\/media\/60664"}],"wp:attachment":[{"href":"https:\/\/www.tucomarca.com\/wordpress\/segunda\/wp-json\/wp\/v2\/media?parent=60662"}],"wp:term":[{"taxonomy":"category","embeddable":true,"href":"https:\/\/www.tucomarca.com\/wordpress\/segunda\/wp-json\/wp\/v2\/categories?post=60662"},{"taxonomy":"post_tag","embeddable":true,"href":"https:\/\/www.tucomarca.com\/wordpress\/segunda\/wp-json\/wp\/v2\/tags?post=60662"}],"curies":[{"name":"wp","href":"https:\/\/api.w.org\/{rel}","templated":true}]}}