{"id":60681,"date":"2017-10-06T20:40:58","date_gmt":"2017-10-06T18:40:58","guid":{"rendered":"http:\/\/www.tucomarca.com\/wordpress\/segunda\/?p=60681"},"modified":"2017-10-06T20:40:58","modified_gmt":"2017-10-06T18:40:58","slug":"el-jugador-del-cd-bunol-alvaro-del-moral-pasara-el-lunes-por-el-quirofano","status":"publish","type":"post","link":"https:\/\/www.tucomarca.com\/wordpress\/segunda\/el-jugador-del-cd-bunol-alvaro-del-moral-pasara-el-lunes-por-el-quirofano\/","title":{"rendered":"El jugador del CD Bu\u00f1ol \u00c1lvaro Del Moral pasar\u00e1 el lunes por el quir\u00f3fano"},"content":{"rendered":"<figure id=\"attachment_60742\" aria-describedby=\"caption-attachment-60742\" style=\"width: 426px\" class=\"wp-caption alignleft\"><img loading=\"lazy\" decoding=\"async\" class=\" wp-image-60742\" src=\"https:\/\/www.tucomarca.com\/wordpress\/segunda\/wp-content\/uploads\/2017\/10\/AlvaroDelMoral.png\" alt=\"\u00c1lvaro Del Moral con el presidente del CD Bu\u00f1ol, Amadeo S\u00e1ez, durante le anuncio de su renovaci\u00f3n con el club.\" width=\"426\" height=\"213\" srcset=\"https:\/\/www.tucomarca.com\/wordpress\/segunda\/wp-content\/uploads\/2017\/10\/AlvaroDelMoral.png 660w, https:\/\/www.tucomarca.com\/wordpress\/segunda\/wp-content\/uploads\/2017\/10\/AlvaroDelMoral-300x150.png 300w\" sizes=\"auto, (max-width: 426px) 100vw, 426px\" \/><figcaption id=\"caption-attachment-60742\" class=\"wp-caption-text\">\u00c1lvaro Del Moral con el presidente del CD Bu\u00f1ol, Amadeo S\u00e1ez, durante le anuncio de su renovaci\u00f3n con el club.<\/figcaption><\/figure>\n<p>El equipo de Javi Pons tiene un contratiempo importante, y esque su jugador pichichi con 2 goles, \u00c1lvaro del Moral, est\u00e1 lesionado y tendr\u00e1 que pasar por el quir\u00f3fano.<\/p>\n<p>Seg\u00fan el parte m\u00e9dico, el jugador del CD Bu\u00f1ol ser\u00e1 intervenido de una fractura en la meseta tibial externa de su rodilla izquierda, afectada tambi\u00e9n a los meniscos y ligamente lateral interno; la intervenci\u00f3n est\u00e1 fechada para el pr\u00f3ximo lunes 9 de octubre en la cl\u00ednica Cemtro de Madrid por los doctores Manuel Leyes y C\u00e9sar Flores.<\/p>\n<p>Informaremos seg\u00fan evoluci\u00f3n del plazo previsto de recuperaci\u00f3n y reaparici\u00f3n en el terreno de juego. Desde <strong>tucomarca.com<\/strong>, damos \u00e1nimos y deseamos una pronta recuperaci\u00f3n al jugador. Informa <strong>Ra\u00fal Miralles <\/strong>@raulmks<\/p>\n","protected":false},"excerpt":{"rendered":"<div class=\"mh-excerpt\">El equipo de Javi Pons tiene un contratiempo importante, y esque su jugador pichichi con 2 goles, \u00c1lvaro del Moral, est\u00e1 lesionado y tendr\u00e1 que pasar por el quir\u00f3fano. Seg\u00fan el parte m\u00e9dico, el jugador <a class=\"mh-excerpt-more\" href=\"https:\/\/www.tucomarca.com\/wordpress\/segunda\/el-jugador-del-cd-bunol-alvaro-del-moral-pasara-el-lunes-por-el-quirofano\/\" title=\"El jugador del CD Bu\u00f1ol \u00c1lvaro Del Moral pasar\u00e1 el lunes por el quir\u00f3fano\">[+] <\/a><\/div>\n","protected":false},"author":1,"featured_media":60742,"comment_status":"open","ping_status":"open","sticky":false,"template":"","format":"standard","meta":{"footnotes":""},"categories":[50,6,72,3],"tags":[537,5952],"class_list":{"0":"post-60681","1":"post","2":"type-post","3":"status-publish","4":"format-standard","5":"has-post-thumbnail","7":"category-futbol-deportes","8":"category-deportes","9":"category-sin-categorizar","10":"category-seccion","11":"tag-cd-bunol","12":"tag-la-hoya-de-bunol-chiva"},"_links":{"self":[{"href":"https:\/\/www.tucomarca.com\/wordpress\/segunda\/wp-json\/wp\/v2\/posts\/60681","targetHints":{"allow":["GET"]}}],"collection":[{"href":"https:\/\/www.tucomarca.com\/wordpress\/segunda\/wp-json\/wp\/v2\/posts"}],"about":[{"href":"https:\/\/www.tucomarca.com\/wordpress\/segunda\/wp-json\/wp\/v2\/types\/post"}],"author":[{"embeddable":true,"href":"https:\/\/www.tucomarca.com\/wordpress\/segunda\/wp-json\/wp\/v2\/users\/1"}],"replies":[{"embeddable":true,"href":"https:\/\/www.tucomarca.com\/wordpress\/segunda\/wp-json\/wp\/v2\/comments?post=60681"}],"version-history":[{"count":0,"href":"https:\/\/www.tucomarca.com\/wordpress\/segunda\/wp-json\/wp\/v2\/posts\/60681\/revisions"}],"wp:featuredmedia":[{"embeddable":true,"href":"https:\/\/www.tucomarca.com\/wordpress\/segunda\/wp-json\/wp\/v2\/media\/60742"}],"wp:attachment":[{"href":"https:\/\/www.tucomarca.com\/wordpress\/segunda\/wp-json\/wp\/v2\/media?parent=60681"}],"wp:term":[{"taxonomy":"category","embeddable":true,"href":"https:\/\/www.tucomarca.com\/wordpress\/segunda\/wp-json\/wp\/v2\/categories?post=60681"},{"taxonomy":"post_tag","embeddable":true,"href":"https:\/\/www.tucomarca.com\/wordpress\/segunda\/wp-json\/wp\/v2\/tags?post=60681"}],"curies":[{"name":"wp","href":"https:\/\/api.w.org\/{rel}","templated":true}]}}