{"id":6071,"date":"2012-08-02T18:40:28","date_gmt":"2012-08-02T16:40:28","guid":{"rendered":"http:\/\/www.tucomarca.com\/wordpress\/segunda\/?p=6071"},"modified":"2012-08-02T18:40:28","modified_gmt":"2012-08-02T16:40:28","slug":"la-direccion-de-la-papelera-silla-en-bunol-plantea-la-liquidacion-de-la-empresa-y-su-cierre","status":"publish","type":"post","link":"https:\/\/www.tucomarca.com\/wordpress\/segunda\/la-direccion-de-la-papelera-silla-en-bunol-plantea-la-liquidacion-de-la-empresa-y-su-cierre\/","title":{"rendered":"La direcci\u00f3n de la Papelera Silla, en Bu\u00f1ol, plantea la liquidaci\u00f3n de la empresa y su cierre"},"content":{"rendered":"<p>Como ya adelant\u00f3 tucomarca.com en su edici\u00f3n impresa para La Hoya de Bu\u00f1olo-Chiva y comarcas lim\u00edtrofes, apenas unas semanas despu\u00e9s de que la direcci\u00f3n de la papelera Silla\u00a0 \u2014afincada en Bu\u00f1ol\u2014 negara a este mismo semanario los insistentes rumores de cierre, se ha oficializado la presentaci\u00f3n de una propuesta de liquidaci\u00f3n de la empresa atendiendo a los n\u00fameros que ofrece la empresa.<\/p>\n<p>Como se ha explicado desde el sindicato Comisiones Obreras, en los \u00faltimos d\u00edas se ha intentado buscar otras soluciones como la b\u00fasqueda de inversores, una alternativa que no ha dado resultado. As\u00ed las cosas, desde la citada formaci\u00f3n sindical se ha planteado a la direcci\u00f3n de la papelera que se estudie la presentaci\u00f3n de un expediente de suspensi\u00f3n temporal por la v\u00eda r\u00e1pida, \u00ablo que permitir\u00e1 a los trabajadores cobrar del paro cuanto antes y no tener que acudir a su puesto de trabajo sin poder percibir el salario que le corresponde hasta que finalice la liquidaci\u00f3n, un proceso largo y tedioso\u00bb.<\/p>\n<p>Respecto a lo adeudado por la empresa, desde el sindicato se ha confirmado a este semanario que s\u00f3lo est\u00e1 pendiente de cobro la paga de verano, a lo que muy posiblemente se una este \u00faltimo mes de trabajo. En todo caso, sea a trav\u00e9s de un proceso o de otro, lo cierto es que el cierre de la Papelera Silla parece a todas luces inevitable y, en consecuencia, el despido de todos sus trabajadores, un total de treinta.<\/p>\n<p><strong>Finiquitos en Pacadar<\/strong><\/p>\n<p>Fuentes del sindicato Comisiones Obreras tambi\u00e9n han confirmado que este mismo martes se ha entregado el finiquito a los 38 trabajadores de la firma Pacadar que, seg\u00fan el ERE planteado, deb\u00edan ser despedidos. Aunque en estos momentos a\u00fan quedan una veintena de empleados, sobre todo en la secci\u00f3n administrativa. Lo cierto es que la baja actividad de la firma no invita al optimismo. A pesar de que se ha creado una bolsa de trabajo \u00abde la que se echar\u00e1 mano cuando la reactive la actividad\u00bb, como han detallado fuentes sindicales.<\/p>\n<p>Otro de los gigantes que ultima su cese de actividad es Prevalesa, una empresa que ha presentado un Expediente de Extinci\u00f3n que va a ser debatido este mismo jueves ante Inspecci\u00f3n de Trabajo a fin de estudiar posibles alternativas de futuro. Desde CC OO se acude a esta cita con la intenci\u00f3n de \u00abfrenar\u00bb este expediente, aunque se reconoce la enorme dificultad de poder conseguirlo.<\/p>\n","protected":false},"excerpt":{"rendered":"<div class=\"mh-excerpt\">Como ya adelant\u00f3 tucomarca.com en su edici\u00f3n impresa para La Hoya de Bu\u00f1olo-Chiva y comarcas lim\u00edtrofes, apenas unas semanas despu\u00e9s de que la direcci\u00f3n de la papelera Silla\u00a0 \u2014afincada en Bu\u00f1ol\u2014 negara a este mismo <a class=\"mh-excerpt-more\" href=\"https:\/\/www.tucomarca.com\/wordpress\/segunda\/la-direccion-de-la-papelera-silla-en-bunol-plantea-la-liquidacion-de-la-empresa-y-su-cierre\/\" title=\"La direcci\u00f3n de la Papelera Silla, en Bu\u00f1ol, plantea la liquidaci\u00f3n de la empresa y su cierre\">[+] <\/a><\/div>\n","protected":false},"author":1,"featured_media":0,"comment_status":"open","ping_status":"open","sticky":false,"template":"","format":"standard","meta":{"footnotes":""},"categories":[18,8,10,3],"tags":[],"class_list":{"0":"post-6071","1":"post","2":"type-post","3":"status-publish","4":"format-standard","6":"category-bunol","7":"category-la-comarca","8":"category-la-hoya","9":"category-seccion"},"_links":{"self":[{"href":"https:\/\/www.tucomarca.com\/wordpress\/segunda\/wp-json\/wp\/v2\/posts\/6071","targetHints":{"allow":["GET"]}}],"collection":[{"href":"https:\/\/www.tucomarca.com\/wordpress\/segunda\/wp-json\/wp\/v2\/posts"}],"about":[{"href":"https:\/\/www.tucomarca.com\/wordpress\/segunda\/wp-json\/wp\/v2\/types\/post"}],"author":[{"embeddable":true,"href":"https:\/\/www.tucomarca.com\/wordpress\/segunda\/wp-json\/wp\/v2\/users\/1"}],"replies":[{"embeddable":true,"href":"https:\/\/www.tucomarca.com\/wordpress\/segunda\/wp-json\/wp\/v2\/comments?post=6071"}],"version-history":[{"count":0,"href":"https:\/\/www.tucomarca.com\/wordpress\/segunda\/wp-json\/wp\/v2\/posts\/6071\/revisions"}],"wp:attachment":[{"href":"https:\/\/www.tucomarca.com\/wordpress\/segunda\/wp-json\/wp\/v2\/media?parent=6071"}],"wp:term":[{"taxonomy":"category","embeddable":true,"href":"https:\/\/www.tucomarca.com\/wordpress\/segunda\/wp-json\/wp\/v2\/categories?post=6071"},{"taxonomy":"post_tag","embeddable":true,"href":"https:\/\/www.tucomarca.com\/wordpress\/segunda\/wp-json\/wp\/v2\/tags?post=6071"}],"curies":[{"name":"wp","href":"https:\/\/api.w.org\/{rel}","templated":true}]}}