{"id":60727,"date":"2017-10-06T20:27:05","date_gmt":"2017-10-06T18:27:05","guid":{"rendered":"http:\/\/www.tucomarca.com\/wordpress\/segunda\/?p=60727"},"modified":"2017-10-06T20:27:05","modified_gmt":"2017-10-06T18:27:05","slug":"la-diputacion-abre-sus-puertas-para-dar-a-conocer-a-los-ciudadanos-su-historia-y-los-servicios-que-presta","status":"publish","type":"post","link":"https:\/\/www.tucomarca.com\/wordpress\/segunda\/la-diputacion-abre-sus-puertas-para-dar-a-conocer-a-los-ciudadanos-su-historia-y-los-servicios-que-presta\/","title":{"rendered":"La Diputaci\u00f3n abre sus puertas para dar a conocer a los ciudadanos su historia y los servicios que presta"},"content":{"rendered":"<p>El presidente de la Diputaci\u00f3n de Valencia, Jorge Rodr\u00edguez, ha inaugurado este jueves la exposici\u00f3n \u2018Coneix la Diputaci\u00f3\u2019 en la sede de la instituci\u00f3n provincial, en la Plaza Manises. La muestra, que recorre los m\u00e1s de 200 a\u00f1os de historia de una instituci\u00f3n \u201cmoderna\u201d, podr\u00e1 visitarse hasta el 15 de octubre en la primera planta del Palau de la Scala.<\/p>\n<p>\u2018Coneix la Diputaci\u00f3\u2019 ha permanecido durante los meses de verano en Requena, donde ha recibido cerca de 5.000 visitas, y tras su paso por la Diputaci\u00f3n, podr\u00e1 visitarse en Alzira, donde continuar\u00e1 su itinerancia junto a la exposici\u00f3n \u2018Mem\u00f2ria de la Modernitat\u2019, con los tesoros art\u00edsticos de la Corporaci\u00f3n provincial.<\/p>\n<p>Rodr\u00edguez ha destacado el \u00e9xito de la muestra en su primera escala en Requena, y ha explicado que se trata de \u201cun recorrido did\u00e1ctico por la historia de la instituci\u00f3n y una forma sencilla y amena de conocer cu\u00e1les son los servicios que presta y a qui\u00e9n van dirigidos, en la l\u00ednea de acercar la Diputaci\u00f3n a los ciudadanos y compartir con ellos su historia y su patrimonio\u201d.<\/p>\n<p>La exposici\u00f3n est\u00e1 compuesta por m\u00e1s de una decena de paneles en los que puede apreciarse de forma gr\u00e1fica la composici\u00f3n pol\u00edtica de la Corporaci\u00f3n, sus \u00e1reas y las dependencias de los palacios de la Batlia y la Scala, sede central de una Diputaci\u00f3n que cuenta con otras dependencias que tambi\u00e9n se detallan en este recorrido por la casa. Adem\u00e1s del funcionamiento y los servicios que se ofrecen a los ciudadanos, la muestra incluye una s\u00edntesis de una rica historia que es necesario conocer para comprender el pasado, el presente y el futuro de estas corporaciones y del \u201cimportante papel que desempe\u00f1an para los municipios, en especial los m\u00e1s peque\u00f1os\u201d.<\/p>\n<p>El presidente de la Diputaci\u00f3n ha recorrido la exposici\u00f3n acompa\u00f1ado por el diputado de Administraci\u00f3n General, Pepe Ruiz, el de Carreteras, Pablo Segu\u00ed, y el de Proyectos Europeos, Bartolom\u00e9 Nofuentes, y ha puesto en valor igualmente la exposici\u00f3n itinerante \u2018Mem\u00f2ria de la Modernitat\u2019, que terminada su escala en Requena, con 7.000 visitas, podr\u00e1 verse en el MUMA de Alzira a partir de la primera semana de noviembre.<\/p>\n<p>Coincidiendo con la apertura de \u2018Coneix la Diputaci\u00f3\u2019, en el Patio de la Scala se proyectar\u00e1n estos d\u00edas im\u00e1genes de esta muestra con los tesoros art\u00edsticos de la Diputaci\u00f3n que, en palabras de Jorge Rodr\u00edguez, \u201cayudar\u00e1 a reescribir la historia del arte valenciano\u201d. De momento, lo que s\u00ed ha conseguido Rodr\u00edguez es que el patrimonio de la Corporaci\u00f3n salga de despachos y almacenes y se ponga al alcance de todos los valencianos, acercando la instituci\u00f3n a las comarcas.<\/p>\n","protected":false},"excerpt":{"rendered":"<div class=\"mh-excerpt\">El presidente de la Diputaci\u00f3n de Valencia, Jorge Rodr\u00edguez, ha inaugurado este jueves la exposici\u00f3n \u2018Coneix la Diputaci\u00f3\u2019 en la sede de la instituci\u00f3n provincial, en la Plaza Manises. La muestra, que recorre los m\u00e1s <a class=\"mh-excerpt-more\" href=\"https:\/\/www.tucomarca.com\/wordpress\/segunda\/la-diputacion-abre-sus-puertas-para-dar-a-conocer-a-los-ciudadanos-su-historia-y-los-servicios-que-presta\/\" title=\"La Diputaci\u00f3n abre sus puertas para dar a conocer a los ciudadanos su historia y los servicios que presta\">[+] <\/a><\/div>\n","protected":false},"author":1,"featured_media":60728,"comment_status":"open","ping_status":"open","sticky":false,"template":"","format":"standard","meta":{"footnotes":""},"categories":[8,72,142,3,45,26],"tags":[204],"class_list":{"0":"post-60727","1":"post","2":"type-post","3":"status-publish","4":"format-standard","5":"has-post-thumbnail","7":"category-la-comarca","8":"category-sin-categorizar","9":"category-politica-la-comarca","10":"category-seccion","11":"category-ventana","12":"category-video","13":"tag-diputacion"},"_links":{"self":[{"href":"https:\/\/www.tucomarca.com\/wordpress\/segunda\/wp-json\/wp\/v2\/posts\/60727","targetHints":{"allow":["GET"]}}],"collection":[{"href":"https:\/\/www.tucomarca.com\/wordpress\/segunda\/wp-json\/wp\/v2\/posts"}],"about":[{"href":"https:\/\/www.tucomarca.com\/wordpress\/segunda\/wp-json\/wp\/v2\/types\/post"}],"author":[{"embeddable":true,"href":"https:\/\/www.tucomarca.com\/wordpress\/segunda\/wp-json\/wp\/v2\/users\/1"}],"replies":[{"embeddable":true,"href":"https:\/\/www.tucomarca.com\/wordpress\/segunda\/wp-json\/wp\/v2\/comments?post=60727"}],"version-history":[{"count":0,"href":"https:\/\/www.tucomarca.com\/wordpress\/segunda\/wp-json\/wp\/v2\/posts\/60727\/revisions"}],"wp:featuredmedia":[{"embeddable":true,"href":"https:\/\/www.tucomarca.com\/wordpress\/segunda\/wp-json\/wp\/v2\/media\/60728"}],"wp:attachment":[{"href":"https:\/\/www.tucomarca.com\/wordpress\/segunda\/wp-json\/wp\/v2\/media?parent=60727"}],"wp:term":[{"taxonomy":"category","embeddable":true,"href":"https:\/\/www.tucomarca.com\/wordpress\/segunda\/wp-json\/wp\/v2\/categories?post=60727"},{"taxonomy":"post_tag","embeddable":true,"href":"https:\/\/www.tucomarca.com\/wordpress\/segunda\/wp-json\/wp\/v2\/tags?post=60727"}],"curies":[{"name":"wp","href":"https:\/\/api.w.org\/{rel}","templated":true}]}}