{"id":6074,"date":"2012-08-02T18:38:00","date_gmt":"2012-08-02T16:38:00","guid":{"rendered":"http:\/\/www.tucomarca.com\/wordpress\/segunda\/?p=6074"},"modified":"2012-08-02T18:49:59","modified_gmt":"2012-08-02T16:49:59","slug":"la-banda-sinfonica-de-%c2%abla-artistica%c2%bb-de-chiva-la-coral-y-el-coro-de-manises-protagonizan-un-gran-concierto","status":"publish","type":"post","link":"https:\/\/www.tucomarca.com\/wordpress\/segunda\/la-banda-sinfonica-de-%c2%abla-artistica%c2%bb-de-chiva-la-coral-y-el-coro-de-manises-protagonizan-un-gran-concierto\/","title":{"rendered":"La banda sinf\u00f3nica de \u00abLa Art\u00edstica\u00bb de Chiva, la coral y el coro de Manises protagonizan un gran concierto"},"content":{"rendered":"<p>El pasado domingo se celebr\u00f3 el quinto concierto de verano en la Plaza de las Artes de Chiva. En esta ocasi\u00f3n actuaron la Banda Sinf\u00f3nica de \u00abLa Art\u00edstica\u00bb de Chiva, la Coral Polif\u00f3nica Virgen del Castillo de esta misma poblaci\u00f3n y el Coro Polif\u00f3nico \u00abLa Art\u00edstica Manisense\u00bb.<\/p>\n<p>A manos del director de la coral chivana, Ra\u00fal Mart\u00ednez Villanueva, interpretaron las obras Los nardos y La Calesera, de Francisco Alonso; No puede ser y Romanza, de Marola de Pablo Soroz\u00e1bal; Mazurca de las sombrillas, de Moreno Torroba; Serenata (La canci\u00f3n del olvido) de J. Serrano o La verbena de la paloma de F. Asenjo Barbieri, entre otras.<\/p>\n<p>Este magn\u00edfico concierto se dividi\u00f3 en dos partes que arranc\u00f3 los aplausos de los all\u00ed presentes y que uni\u00f3 voces magn\u00edficas con la excelente m\u00fasica de la banda chivana.<\/p>\n<p>Desde el consistorio se ha destacado el gran trabajo que est\u00e1n realizando las agrupaciones musicales de la poblaci\u00f3n, quienes han llenado de vida los fines de semana de esta intensa etapa estival.<br \/>\nLa buena acogida del numeroso p\u00fablico asistente confirma el \u00e9xito de la iniciativa.<\/p>\n","protected":false},"excerpt":{"rendered":"<div class=\"mh-excerpt\">El pasado domingo se celebr\u00f3 el quinto concierto de verano en la Plaza de las Artes de Chiva. En esta ocasi\u00f3n actuaron la Banda Sinf\u00f3nica de \u00abLa Art\u00edstica\u00bb de Chiva, la Coral Polif\u00f3nica Virgen del <a class=\"mh-excerpt-more\" href=\"https:\/\/www.tucomarca.com\/wordpress\/segunda\/la-banda-sinfonica-de-%c2%abla-artistica%c2%bb-de-chiva-la-coral-y-el-coro-de-manises-protagonizan-un-gran-concierto\/\" title=\"La banda sinf\u00f3nica de \u00abLa Art\u00edstica\u00bb de Chiva, la coral y el coro de Manises protagonizan un gran concierto\">[+] <\/a><\/div>\n","protected":false},"author":1,"featured_media":6077,"comment_status":"open","ping_status":"open","sticky":false,"template":"","format":"standard","meta":{"footnotes":""},"categories":[66,16,10,7,3],"tags":[],"class_list":{"0":"post-6074","1":"post","2":"type-post","3":"status-publish","4":"format-standard","5":"has-post-thumbnail","7":"category-musica","8":"category-chiva","9":"category-la-hoya","10":"category-ocio-y-cultura","11":"category-seccion"},"_links":{"self":[{"href":"https:\/\/www.tucomarca.com\/wordpress\/segunda\/wp-json\/wp\/v2\/posts\/6074","targetHints":{"allow":["GET"]}}],"collection":[{"href":"https:\/\/www.tucomarca.com\/wordpress\/segunda\/wp-json\/wp\/v2\/posts"}],"about":[{"href":"https:\/\/www.tucomarca.com\/wordpress\/segunda\/wp-json\/wp\/v2\/types\/post"}],"author":[{"embeddable":true,"href":"https:\/\/www.tucomarca.com\/wordpress\/segunda\/wp-json\/wp\/v2\/users\/1"}],"replies":[{"embeddable":true,"href":"https:\/\/www.tucomarca.com\/wordpress\/segunda\/wp-json\/wp\/v2\/comments?post=6074"}],"version-history":[{"count":0,"href":"https:\/\/www.tucomarca.com\/wordpress\/segunda\/wp-json\/wp\/v2\/posts\/6074\/revisions"}],"wp:featuredmedia":[{"embeddable":true,"href":"https:\/\/www.tucomarca.com\/wordpress\/segunda\/wp-json\/wp\/v2\/media\/6077"}],"wp:attachment":[{"href":"https:\/\/www.tucomarca.com\/wordpress\/segunda\/wp-json\/wp\/v2\/media?parent=6074"}],"wp:term":[{"taxonomy":"category","embeddable":true,"href":"https:\/\/www.tucomarca.com\/wordpress\/segunda\/wp-json\/wp\/v2\/categories?post=6074"},{"taxonomy":"post_tag","embeddable":true,"href":"https:\/\/www.tucomarca.com\/wordpress\/segunda\/wp-json\/wp\/v2\/tags?post=6074"}],"curies":[{"name":"wp","href":"https:\/\/api.w.org\/{rel}","templated":true}]}}