{"id":60749,"date":"2017-10-07T15:54:06","date_gmt":"2017-10-07T13:54:06","guid":{"rendered":"http:\/\/www.tucomarca.com\/wordpress\/segunda\/?p=60749"},"modified":"2017-10-07T15:54:06","modified_gmt":"2017-10-07T13:54:06","slug":"el-pregon-de-la-xliv-fiesta-de-la-vendimia-de-cheste-abre-dos-semanas-llenas-de-actividades","status":"publish","type":"post","link":"https:\/\/www.tucomarca.com\/wordpress\/segunda\/el-pregon-de-la-xliv-fiesta-de-la-vendimia-de-cheste-abre-dos-semanas-llenas-de-actividades\/","title":{"rendered":"El preg\u00f3n de la XLIV Fiesta de la Vendimia de Cheste abre  dos semanas llenas de actividades"},"content":{"rendered":"<figure id=\"attachment_60752\" aria-describedby=\"caption-attachment-60752\" style=\"width: 1280px\" class=\"wp-caption alignleft\"><img loading=\"lazy\" decoding=\"async\" class=\"size-full wp-image-60752\" src=\"https:\/\/www.tucomarca.com\/wordpress\/segunda\/wp-content\/uploads\/2017\/10\/pregon17B.png\" alt=\"Desde el balc\u00f3n del Ayuntamiento, la reina de las fiestas, Mar\u00eda Andr\u00e9s Carmona, el alcalde de Cheste, Jos\u00e9 Morell, y la concejala de Fiestas, Carmen Delgado, han invitado a todos los vecinos y vecinas a disfrutar y participar en los actos programados.\" width=\"1280\" height=\"852\" srcset=\"https:\/\/www.tucomarca.com\/wordpress\/segunda\/wp-content\/uploads\/2017\/10\/pregon17B.png 1280w, https:\/\/www.tucomarca.com\/wordpress\/segunda\/wp-content\/uploads\/2017\/10\/pregon17B-300x200.png 300w, https:\/\/www.tucomarca.com\/wordpress\/segunda\/wp-content\/uploads\/2017\/10\/pregon17B-768x511.png 768w, https:\/\/www.tucomarca.com\/wordpress\/segunda\/wp-content\/uploads\/2017\/10\/pregon17B-1024x682.png 1024w\" sizes=\"auto, (max-width: 1280px) 100vw, 1280px\" \/><figcaption id=\"caption-attachment-60752\" class=\"wp-caption-text\">Desde el balc\u00f3n del Ayuntamiento, la reina de las fiestas, Mar\u00eda Andr\u00e9s Carmona, el alcalde de Cheste, Jos\u00e9 Morell, y la concejala de Fiestas, Carmen Delgado, han invitado a todos los vecinos y vecinas a disfrutar y participar en los actos programados.<\/figcaption><\/figure>\n<p>Esta viernes por tarde la plaza Doctor Cajal ha acogido el Preg\u00f3n, acto con el que se inicia la celebraci\u00f3n de la XLIV Fiesta de la Vendimia de Cheste, en honor a San Lucas Evangelista.<\/p>\n<p>Desde el balc\u00f3n del Ayuntamiento, la reina de las fiestas, Mar\u00eda Andr\u00e9s Carmona, el alcalde de Cheste, Jos\u00e9 Morell, y la concejala de Fiestas, Carmen Delgado, han invitado a todos los vecinos y vecinas a disfrutar y participar en los actos programados. \u201cYa est\u00e1 todo listo: la calle Chiva engalanada, los festejos preparados, los m\u00fasicos con sus partituras y todos con ganas de pasarlo muy bien en estas cuadrag\u00e9simo cuartas fiestas de la Vendimia\u201d, ha anunciado el alcalde. \u201cEs casi medio siglo en el que Cheste, en octubre, adquiere un color especial. Son d\u00edas de alegr\u00eda, de dejar atr\u00e1s la rutina y de reencuentro con los nuestros. Es un placer presentar una programaci\u00f3n con actos para todos los gustos, con el trabajo de muchas personas, encabezadas por la concejala de Fiestas\u201d.<\/p>\n<p>Por su parte, Carmen Delgado ha tenido unas palabras de reconocimiento en nombre de todo el equipo de gobierno al trabajo que realizan los funcionarios en la preparaci\u00f3n y desarrollo de las fiestas, a la Brigada, a la Polic\u00eda Local y a Protecci\u00f3n Civil. \u201cComo concejala de fiestas espero que todos los vecinos y vecinas disfrut\u00e9is cada acto y conf\u00edo en que ser\u00e1n una fiestas inolvidables para los chicos y chicas de la Vendimia y sus familias. En especial felicito a Mar\u00eda, la reina, y a Lucas, su acompa\u00f1ante, por aceptar el reto de representar a toda la juventud chestana\u201d, ha manifestado la concejala.<\/p>\n<figure id=\"attachment_60751\" aria-describedby=\"caption-attachment-60751\" style=\"width: 300px\" class=\"wp-caption alignleft\"><img loading=\"lazy\" decoding=\"async\" class=\"size-medium wp-image-60751\" src=\"https:\/\/www.tucomarca.com\/wordpress\/segunda\/wp-content\/uploads\/2017\/10\/pregon17A-300x200.png\" alt=\"La reina de esta XLIV Fiesta de la Vendimia ha cortado la cinta inaugural.\" width=\"300\" height=\"200\" srcset=\"https:\/\/www.tucomarca.com\/wordpress\/segunda\/wp-content\/uploads\/2017\/10\/pregon17A-300x200.png 300w, https:\/\/www.tucomarca.com\/wordpress\/segunda\/wp-content\/uploads\/2017\/10\/pregon17A-768x512.png 768w, https:\/\/www.tucomarca.com\/wordpress\/segunda\/wp-content\/uploads\/2017\/10\/pregon17A-1024x682.png 1024w, https:\/\/www.tucomarca.com\/wordpress\/segunda\/wp-content\/uploads\/2017\/10\/pregon17A.png 1280w\" sizes=\"auto, (max-width: 300px) 100vw, 300px\" \/><figcaption id=\"caption-attachment-60751\" class=\"wp-caption-text\">La reina de esta XLIV Fiesta de la Vendimia ha cortado la cinta inaugural.<\/figcaption><\/figure>\n<p>La reina de esta XLIV Fiesta de la Vendimia tambi\u00e9n ha dedicado unas palabras de agradecimiento a sus compa\u00f1eros de Vendimia y a sus familiares y amigos. \u201cGracias por haber acudido a esta llamada, a este preg\u00f3n\u201d, han sido las primeras palabras de Mar\u00eda. \u201cEl vino ha sido siempre el invitado de honor en toda celebraci\u00f3n que se precie; nuestro pueblo celebra el acto de la cosecha, la vendimia de esos preciados frutos que dar\u00e1n el caldo que adornar\u00e1 los mejores momentos de nuestra fiesta. Esta es una llamada para que os dej\u00e9is llevar por la m\u00fasica: romped la monoton\u00eda por unos d\u00edas, de forma que la explosi\u00f3n de vuestra alegr\u00eda no tenga m\u00e1s l\u00edmite que el respeto a los dem\u00e1s. As\u00ed os invito a disfrutar de las fiestas\u201d.<\/p>\n<p>Tras el preg\u00f3n, se ha inaugurado el mercado medieval, que estar\u00e1 instalado durante todo el fin de semana en la calle Chiva. Los actos continuar\u00e1n ma\u00f1ana con la fiesta de las paellas, amenizada por la orquesta \u201cMatrix\u201d, a partir de las 18 horas en la avenida Castilla.<\/p>\n<p>El domingo desde las 11 horas se realizar\u00e1n partidas simult\u00e1neas de ajedrez en la plaza Doctor Cajal y a las 19:30 horas habr\u00e1 un concierto de bailables ofrecido por la Asociaci\u00f3n Musical La Lira y una disco-m\u00f3vil, que comenzar\u00e1 a las 23:30 horas.<\/p>\n<p>El lunes, 9 de octubre, Cheste celebrar\u00e1 la tradicional Pis\u00e1 de la Uva y el concurso de Calles Engalanadas. Por la tarde se ha programado el musical infantil \u201cLas tres cerditas\u201d, a las 19 horas en el teatro Liceo.<\/p>\n","protected":false},"excerpt":{"rendered":"<div class=\"mh-excerpt\">Esta viernes por tarde la plaza Doctor Cajal ha acogido el Preg\u00f3n, acto con el que se inicia la celebraci\u00f3n de la XLIV Fiesta de la Vendimia de Cheste, en honor a San Lucas Evangelista. <a class=\"mh-excerpt-more\" href=\"https:\/\/www.tucomarca.com\/wordpress\/segunda\/el-pregon-de-la-xliv-fiesta-de-la-vendimia-de-cheste-abre-dos-semanas-llenas-de-actividades\/\" title=\"El preg\u00f3n de la XLIV Fiesta de la Vendimia de Cheste abre  dos semanas llenas de actividades\">[+] <\/a><\/div>\n","protected":false},"author":1,"featured_media":60752,"comment_status":"open","ping_status":"open","sticky":false,"template":"","format":"standard","meta":{"footnotes":""},"categories":[17,10,5,383,3,45],"tags":[339,5952],"class_list":{"0":"post-60749","1":"post","2":"type-post","3":"status-publish","4":"format-standard","5":"has-post-thumbnail","7":"category-cheste","8":"category-la-hoya","9":"category-la-semana-en-imagenes","10":"category-pueblos-en-fiestas","11":"category-seccion","12":"category-ventana","13":"tag-cheste-2","14":"tag-la-hoya-de-bunol-chiva"},"_links":{"self":[{"href":"https:\/\/www.tucomarca.com\/wordpress\/segunda\/wp-json\/wp\/v2\/posts\/60749","targetHints":{"allow":["GET"]}}],"collection":[{"href":"https:\/\/www.tucomarca.com\/wordpress\/segunda\/wp-json\/wp\/v2\/posts"}],"about":[{"href":"https:\/\/www.tucomarca.com\/wordpress\/segunda\/wp-json\/wp\/v2\/types\/post"}],"author":[{"embeddable":true,"href":"https:\/\/www.tucomarca.com\/wordpress\/segunda\/wp-json\/wp\/v2\/users\/1"}],"replies":[{"embeddable":true,"href":"https:\/\/www.tucomarca.com\/wordpress\/segunda\/wp-json\/wp\/v2\/comments?post=60749"}],"version-history":[{"count":0,"href":"https:\/\/www.tucomarca.com\/wordpress\/segunda\/wp-json\/wp\/v2\/posts\/60749\/revisions"}],"wp:featuredmedia":[{"embeddable":true,"href":"https:\/\/www.tucomarca.com\/wordpress\/segunda\/wp-json\/wp\/v2\/media\/60752"}],"wp:attachment":[{"href":"https:\/\/www.tucomarca.com\/wordpress\/segunda\/wp-json\/wp\/v2\/media?parent=60749"}],"wp:term":[{"taxonomy":"category","embeddable":true,"href":"https:\/\/www.tucomarca.com\/wordpress\/segunda\/wp-json\/wp\/v2\/categories?post=60749"},{"taxonomy":"post_tag","embeddable":true,"href":"https:\/\/www.tucomarca.com\/wordpress\/segunda\/wp-json\/wp\/v2\/tags?post=60749"}],"curies":[{"name":"wp","href":"https:\/\/api.w.org\/{rel}","templated":true}]}}