{"id":60753,"date":"2017-10-07T15:58:15","date_gmt":"2017-10-07T13:58:15","guid":{"rendered":"http:\/\/www.tucomarca.com\/wordpress\/segunda\/?p=60753"},"modified":"2017-10-09T18:14:17","modified_gmt":"2017-10-09T16:14:17","slug":"fotogaleria-bunol-recibe-a-el-reto-de-pablo-barcelona-valencia-en-bicicleta-por-la-investigacion-del-cancer-infantil-neuroblastoma","status":"publish","type":"post","link":"https:\/\/www.tucomarca.com\/wordpress\/segunda\/fotogaleria-bunol-recibe-a-el-reto-de-pablo-barcelona-valencia-en-bicicleta-por-la-investigacion-del-cancer-infantil-neuroblastoma\/","title":{"rendered":"Fotogaler\u00eda: Bu\u00f1ol recibe a \u00abEl reto de Pablo\u00bb Barcelona-Valencia en bicicleta por la investigaci\u00f3n del c\u00e1ncer infantil (Neuroblastoma)"},"content":{"rendered":"<figure id=\"attachment_60762\" aria-describedby=\"caption-attachment-60762\" style=\"width: 472px\" class=\"wp-caption alignleft\"><img loading=\"lazy\" decoding=\"async\" class=\" wp-image-60762\" src=\"https:\/\/www.tucomarca.com\/wordpress\/segunda\/wp-content\/uploads\/2017\/10\/tucomarcareto13.jpg\" alt=\"Componentes de la delegaci\u00f3n de Bu\u00f1ol de la AECC reciben a la comitiva de \u00abEl Reto de Pablo\u00bb.\" width=\"472\" height=\"316\" srcset=\"https:\/\/www.tucomarca.com\/wordpress\/segunda\/wp-content\/uploads\/2017\/10\/tucomarcareto13.jpg 3872w, https:\/\/www.tucomarca.com\/wordpress\/segunda\/wp-content\/uploads\/2017\/10\/tucomarcareto13-300x201.jpg 300w, https:\/\/www.tucomarca.com\/wordpress\/segunda\/wp-content\/uploads\/2017\/10\/tucomarcareto13-768x514.jpg 768w, https:\/\/www.tucomarca.com\/wordpress\/segunda\/wp-content\/uploads\/2017\/10\/tucomarcareto13-1024x685.jpg 1024w\" sizes=\"auto, (max-width: 472px) 100vw, 472px\" \/><figcaption id=\"caption-attachment-60762\" class=\"wp-caption-text\"><em>Componentes de la delegaci\u00f3n de Bu\u00f1ol de la AECC reciben a la comitiva de \u00abEl Reto de Pablo\u00bb.<\/em><\/figcaption><\/figure>\n<p>La Asociaci\u00f3n Espa\u00f1ola Contra el C\u00e1ncer \u2014AECC\u2014 de Bu\u00f1ol y el Ayuntamiento de Bu\u00f1ol, a trav\u00e9s del concejal\u00eda de Sanidad han colaborado en esta ruta solidaria en bicicleta desde Barcelona a Albacete, por la investigaci\u00f3n del c\u00e1ncer infantil (Neuroblastoma), que ha pasado\u00a0este viernes, 6 de octubre,\u00a0durante la tarde-noche por la Plaza 5 de Marzo de la localidad, donde concejal\u00eda de Sanidad con la ayuda de la delegaci\u00f3n de Bu\u00f1ol de la AECC prepar\u00f3 unos platos de picoteo para los asistentes congregados en esta plaza.<\/p>\n<p>Los ciclistas y la comitiva fueron recibidos por el concejal de Sanidad, Alejandro Agustina, y por una gran n\u00famero de voluntarias\u00a0de la AECC, los representantes de la comitiva \u00abEl reto de Pablo\u00bb agradecieron de esta manera, haciendo esta ruta en bicicleta, el gesto solidario para Pablo, que ha sufrido un Neuroblastoma\u00a0(c\u00e1ncer infantil) del que se ha recuperado satisfactoriamente con la generosa ayuda de multitud de personas que desde asociaciones, como la Asociaci\u00f3n Nen que proporciona pisos para las familias con ni\u00f1os ingresados o de manera particular han ayudado mucho a esta familia a afrontar las dificultades de lo que supone tener ingresado a un ni\u00f1o en un hospital, al igual que\u00a0a los profesionales de la medicina que se han implicado hasta el punto de hacer la ruta, como es el caso de Lorenzo, el pediatra de Pablo.<\/p>\n<p>En este acto en la plaza 5 de Marzo pidieron m\u00e1s concienciaci\u00f3n e implicaci\u00f3n por parte de las las instituciones para la investigaci\u00f3n de este y otros tipos de c\u00e1ncer infantil del que Pablo ha salido y ahora ya va al colegio.<\/p>\n<p>Tras las palabras de los componentes de la caravana se sortearon una variedad de productos manchegos entre el p\u00fablico que asisti\u00f3 a esta velada solidaria en Bu\u00f1ol.<\/p>\n<div id='gallery-1' class='gallery galleryid-60753 gallery-columns-3 gallery-size-large'><figure class='gallery-item'>\n\t\t\t<div class='gallery-icon landscape'>\n\t\t\t\t<a href='https:\/\/www.tucomarca.com\/wordpress\/segunda\/fotogaleria-bunol-recibe-a-el-reto-de-pablo-barcelona-valencia-en-bicicleta-por-la-investigacion-del-cancer-infantil-neuroblastoma\/tucomarcareto01\/'><img loading=\"lazy\" decoding=\"async\" width=\"1024\" height=\"685\" src=\"https:\/\/www.tucomarca.com\/wordpress\/segunda\/wp-content\/uploads\/2017\/10\/tucomarcareto01-1024x685.jpg\" class=\"attachment-large size-large\" alt=\"\" srcset=\"https:\/\/www.tucomarca.com\/wordpress\/segunda\/wp-content\/uploads\/2017\/10\/tucomarcareto01-1024x685.jpg 1024w, https:\/\/www.tucomarca.com\/wordpress\/segunda\/wp-content\/uploads\/2017\/10\/tucomarcareto01-300x201.jpg 300w, https:\/\/www.tucomarca.com\/wordpress\/segunda\/wp-content\/uploads\/2017\/10\/tucomarcareto01-768x514.jpg 768w\" sizes=\"auto, (max-width: 1024px) 100vw, 1024px\" \/><\/a>\n\t\t\t<\/div><\/figure><figure class='gallery-item'>\n\t\t\t<div class='gallery-icon landscape'>\n\t\t\t\t<a href='https:\/\/www.tucomarca.com\/wordpress\/segunda\/fotogaleria-bunol-recibe-a-el-reto-de-pablo-barcelona-valencia-en-bicicleta-por-la-investigacion-del-cancer-infantil-neuroblastoma\/tucomarcareto02\/'><img loading=\"lazy\" decoding=\"async\" width=\"1024\" height=\"685\" src=\"https:\/\/www.tucomarca.com\/wordpress\/segunda\/wp-content\/uploads\/2017\/10\/tucomarcareto02-1024x685.jpg\" class=\"attachment-large size-large\" alt=\"\" srcset=\"https:\/\/www.tucomarca.com\/wordpress\/segunda\/wp-content\/uploads\/2017\/10\/tucomarcareto02-1024x685.jpg 1024w, https:\/\/www.tucomarca.com\/wordpress\/segunda\/wp-content\/uploads\/2017\/10\/tucomarcareto02-300x201.jpg 300w, https:\/\/www.tucomarca.com\/wordpress\/segunda\/wp-content\/uploads\/2017\/10\/tucomarcareto02-768x514.jpg 768w\" sizes=\"auto, (max-width: 1024px) 100vw, 1024px\" \/><\/a>\n\t\t\t<\/div><\/figure><figure class='gallery-item'>\n\t\t\t<div class='gallery-icon landscape'>\n\t\t\t\t<a href='https:\/\/www.tucomarca.com\/wordpress\/segunda\/fotogaleria-bunol-recibe-a-el-reto-de-pablo-barcelona-valencia-en-bicicleta-por-la-investigacion-del-cancer-infantil-neuroblastoma\/tucomarcareto03\/'><img loading=\"lazy\" decoding=\"async\" width=\"1024\" height=\"685\" src=\"https:\/\/www.tucomarca.com\/wordpress\/segunda\/wp-content\/uploads\/2017\/10\/tucomarcareto03-1024x685.jpg\" class=\"attachment-large size-large\" alt=\"\" srcset=\"https:\/\/www.tucomarca.com\/wordpress\/segunda\/wp-content\/uploads\/2017\/10\/tucomarcareto03-1024x685.jpg 1024w, https:\/\/www.tucomarca.com\/wordpress\/segunda\/wp-content\/uploads\/2017\/10\/tucomarcareto03-300x201.jpg 300w, https:\/\/www.tucomarca.com\/wordpress\/segunda\/wp-content\/uploads\/2017\/10\/tucomarcareto03-768x514.jpg 768w\" sizes=\"auto, (max-width: 1024px) 100vw, 1024px\" \/><\/a>\n\t\t\t<\/div><\/figure><figure class='gallery-item'>\n\t\t\t<div class='gallery-icon landscape'>\n\t\t\t\t<a href='https:\/\/www.tucomarca.com\/wordpress\/segunda\/fotogaleria-bunol-recibe-a-el-reto-de-pablo-barcelona-valencia-en-bicicleta-por-la-investigacion-del-cancer-infantil-neuroblastoma\/tucomarcareto04\/'><img loading=\"lazy\" decoding=\"async\" width=\"1024\" height=\"685\" src=\"https:\/\/www.tucomarca.com\/wordpress\/segunda\/wp-content\/uploads\/2017\/10\/tucomarcareto04-1024x685.jpg\" class=\"attachment-large size-large\" alt=\"\" srcset=\"https:\/\/www.tucomarca.com\/wordpress\/segunda\/wp-content\/uploads\/2017\/10\/tucomarcareto04-1024x685.jpg 1024w, https:\/\/www.tucomarca.com\/wordpress\/segunda\/wp-content\/uploads\/2017\/10\/tucomarcareto04-300x201.jpg 300w, https:\/\/www.tucomarca.com\/wordpress\/segunda\/wp-content\/uploads\/2017\/10\/tucomarcareto04-768x514.jpg 768w\" sizes=\"auto, (max-width: 1024px) 100vw, 1024px\" \/><\/a>\n\t\t\t<\/div><\/figure><figure class='gallery-item'>\n\t\t\t<div class='gallery-icon landscape'>\n\t\t\t\t<a href='https:\/\/www.tucomarca.com\/wordpress\/segunda\/fotogaleria-bunol-recibe-a-el-reto-de-pablo-barcelona-valencia-en-bicicleta-por-la-investigacion-del-cancer-infantil-neuroblastoma\/tucomarcareto05\/'><img loading=\"lazy\" decoding=\"async\" width=\"1024\" height=\"685\" src=\"https:\/\/www.tucomarca.com\/wordpress\/segunda\/wp-content\/uploads\/2017\/10\/tucomarcareto05-1024x685.jpg\" class=\"attachment-large size-large\" alt=\"\" srcset=\"https:\/\/www.tucomarca.com\/wordpress\/segunda\/wp-content\/uploads\/2017\/10\/tucomarcareto05-1024x685.jpg 1024w, https:\/\/www.tucomarca.com\/wordpress\/segunda\/wp-content\/uploads\/2017\/10\/tucomarcareto05-300x201.jpg 300w, https:\/\/www.tucomarca.com\/wordpress\/segunda\/wp-content\/uploads\/2017\/10\/tucomarcareto05-768x514.jpg 768w\" sizes=\"auto, (max-width: 1024px) 100vw, 1024px\" \/><\/a>\n\t\t\t<\/div><\/figure><figure class='gallery-item'>\n\t\t\t<div class='gallery-icon landscape'>\n\t\t\t\t<a href='https:\/\/www.tucomarca.com\/wordpress\/segunda\/fotogaleria-bunol-recibe-a-el-reto-de-pablo-barcelona-valencia-en-bicicleta-por-la-investigacion-del-cancer-infantil-neuroblastoma\/tucomarcareto06\/'><img loading=\"lazy\" decoding=\"async\" width=\"1024\" height=\"685\" src=\"https:\/\/www.tucomarca.com\/wordpress\/segunda\/wp-content\/uploads\/2017\/10\/tucomarcareto06-1024x685.jpg\" class=\"attachment-large size-large\" alt=\"\" srcset=\"https:\/\/www.tucomarca.com\/wordpress\/segunda\/wp-content\/uploads\/2017\/10\/tucomarcareto06-1024x685.jpg 1024w, https:\/\/www.tucomarca.com\/wordpress\/segunda\/wp-content\/uploads\/2017\/10\/tucomarcareto06-300x201.jpg 300w, https:\/\/www.tucomarca.com\/wordpress\/segunda\/wp-content\/uploads\/2017\/10\/tucomarcareto06-768x514.jpg 768w\" sizes=\"auto, (max-width: 1024px) 100vw, 1024px\" \/><\/a>\n\t\t\t<\/div><\/figure><figure class='gallery-item'>\n\t\t\t<div class='gallery-icon landscape'>\n\t\t\t\t<a href='https:\/\/www.tucomarca.com\/wordpress\/segunda\/fotogaleria-bunol-recibe-a-el-reto-de-pablo-barcelona-valencia-en-bicicleta-por-la-investigacion-del-cancer-infantil-neuroblastoma\/tucomarcareto07\/'><img loading=\"lazy\" decoding=\"async\" width=\"1024\" height=\"685\" src=\"https:\/\/www.tucomarca.com\/wordpress\/segunda\/wp-content\/uploads\/2017\/10\/tucomarcareto07-1024x685.jpg\" class=\"attachment-large size-large\" alt=\"\" srcset=\"https:\/\/www.tucomarca.com\/wordpress\/segunda\/wp-content\/uploads\/2017\/10\/tucomarcareto07-1024x685.jpg 1024w, https:\/\/www.tucomarca.com\/wordpress\/segunda\/wp-content\/uploads\/2017\/10\/tucomarcareto07-300x201.jpg 300w, https:\/\/www.tucomarca.com\/wordpress\/segunda\/wp-content\/uploads\/2017\/10\/tucomarcareto07-768x514.jpg 768w\" sizes=\"auto, (max-width: 1024px) 100vw, 1024px\" \/><\/a>\n\t\t\t<\/div><\/figure><figure class='gallery-item'>\n\t\t\t<div class='gallery-icon landscape'>\n\t\t\t\t<a href='https:\/\/www.tucomarca.com\/wordpress\/segunda\/fotogaleria-bunol-recibe-a-el-reto-de-pablo-barcelona-valencia-en-bicicleta-por-la-investigacion-del-cancer-infantil-neuroblastoma\/tucomarcareto08\/'><img loading=\"lazy\" decoding=\"async\" width=\"1024\" height=\"685\" src=\"https:\/\/www.tucomarca.com\/wordpress\/segunda\/wp-content\/uploads\/2017\/10\/tucomarcareto08-1024x685.jpg\" class=\"attachment-large size-large\" alt=\"\" srcset=\"https:\/\/www.tucomarca.com\/wordpress\/segunda\/wp-content\/uploads\/2017\/10\/tucomarcareto08-1024x685.jpg 1024w, https:\/\/www.tucomarca.com\/wordpress\/segunda\/wp-content\/uploads\/2017\/10\/tucomarcareto08-300x201.jpg 300w, https:\/\/www.tucomarca.com\/wordpress\/segunda\/wp-content\/uploads\/2017\/10\/tucomarcareto08-768x514.jpg 768w\" sizes=\"auto, (max-width: 1024px) 100vw, 1024px\" \/><\/a>\n\t\t\t<\/div><\/figure><figure class='gallery-item'>\n\t\t\t<div class='gallery-icon landscape'>\n\t\t\t\t<a href='https:\/\/www.tucomarca.com\/wordpress\/segunda\/fotogaleria-bunol-recibe-a-el-reto-de-pablo-barcelona-valencia-en-bicicleta-por-la-investigacion-del-cancer-infantil-neuroblastoma\/tucomarcareto09\/'><img loading=\"lazy\" decoding=\"async\" width=\"1024\" height=\"685\" src=\"https:\/\/www.tucomarca.com\/wordpress\/segunda\/wp-content\/uploads\/2017\/10\/tucomarcareto09-1024x685.jpg\" class=\"attachment-large size-large\" alt=\"\" srcset=\"https:\/\/www.tucomarca.com\/wordpress\/segunda\/wp-content\/uploads\/2017\/10\/tucomarcareto09-1024x685.jpg 1024w, https:\/\/www.tucomarca.com\/wordpress\/segunda\/wp-content\/uploads\/2017\/10\/tucomarcareto09-300x201.jpg 300w, https:\/\/www.tucomarca.com\/wordpress\/segunda\/wp-content\/uploads\/2017\/10\/tucomarcareto09-768x514.jpg 768w\" sizes=\"auto, (max-width: 1024px) 100vw, 1024px\" \/><\/a>\n\t\t\t<\/div><\/figure><figure class='gallery-item'>\n\t\t\t<div class='gallery-icon landscape'>\n\t\t\t\t<a href='https:\/\/www.tucomarca.com\/wordpress\/segunda\/fotogaleria-bunol-recibe-a-el-reto-de-pablo-barcelona-valencia-en-bicicleta-por-la-investigacion-del-cancer-infantil-neuroblastoma\/tucomarcareto10\/'><img loading=\"lazy\" decoding=\"async\" width=\"1024\" height=\"685\" src=\"https:\/\/www.tucomarca.com\/wordpress\/segunda\/wp-content\/uploads\/2017\/10\/tucomarcareto10-1024x685.jpg\" class=\"attachment-large size-large\" alt=\"\" srcset=\"https:\/\/www.tucomarca.com\/wordpress\/segunda\/wp-content\/uploads\/2017\/10\/tucomarcareto10-1024x685.jpg 1024w, https:\/\/www.tucomarca.com\/wordpress\/segunda\/wp-content\/uploads\/2017\/10\/tucomarcareto10-300x201.jpg 300w, https:\/\/www.tucomarca.com\/wordpress\/segunda\/wp-content\/uploads\/2017\/10\/tucomarcareto10-768x514.jpg 768w\" sizes=\"auto, (max-width: 1024px) 100vw, 1024px\" \/><\/a>\n\t\t\t<\/div><\/figure><figure class='gallery-item'>\n\t\t\t<div class='gallery-icon landscape'>\n\t\t\t\t<a href='https:\/\/www.tucomarca.com\/wordpress\/segunda\/fotogaleria-bunol-recibe-a-el-reto-de-pablo-barcelona-valencia-en-bicicleta-por-la-investigacion-del-cancer-infantil-neuroblastoma\/tucomarcareto11\/'><img loading=\"lazy\" decoding=\"async\" width=\"1024\" height=\"685\" src=\"https:\/\/www.tucomarca.com\/wordpress\/segunda\/wp-content\/uploads\/2017\/10\/tucomarcareto11-1024x685.jpg\" class=\"attachment-large size-large\" alt=\"\" srcset=\"https:\/\/www.tucomarca.com\/wordpress\/segunda\/wp-content\/uploads\/2017\/10\/tucomarcareto11-1024x685.jpg 1024w, https:\/\/www.tucomarca.com\/wordpress\/segunda\/wp-content\/uploads\/2017\/10\/tucomarcareto11-300x201.jpg 300w, https:\/\/www.tucomarca.com\/wordpress\/segunda\/wp-content\/uploads\/2017\/10\/tucomarcareto11-768x514.jpg 768w\" sizes=\"auto, (max-width: 1024px) 100vw, 1024px\" \/><\/a>\n\t\t\t<\/div><\/figure><figure class='gallery-item'>\n\t\t\t<div class='gallery-icon landscape'>\n\t\t\t\t<a href='https:\/\/www.tucomarca.com\/wordpress\/segunda\/fotogaleria-bunol-recibe-a-el-reto-de-pablo-barcelona-valencia-en-bicicleta-por-la-investigacion-del-cancer-infantil-neuroblastoma\/tucomarcareto12\/'><img loading=\"lazy\" decoding=\"async\" width=\"1024\" height=\"685\" src=\"https:\/\/www.tucomarca.com\/wordpress\/segunda\/wp-content\/uploads\/2017\/10\/tucomarcareto12-1024x685.jpg\" class=\"attachment-large size-large\" alt=\"\" srcset=\"https:\/\/www.tucomarca.com\/wordpress\/segunda\/wp-content\/uploads\/2017\/10\/tucomarcareto12-1024x685.jpg 1024w, https:\/\/www.tucomarca.com\/wordpress\/segunda\/wp-content\/uploads\/2017\/10\/tucomarcareto12-300x201.jpg 300w, https:\/\/www.tucomarca.com\/wordpress\/segunda\/wp-content\/uploads\/2017\/10\/tucomarcareto12-768x514.jpg 768w\" sizes=\"auto, (max-width: 1024px) 100vw, 1024px\" \/><\/a>\n\t\t\t<\/div><\/figure><figure class='gallery-item'>\n\t\t\t<div class='gallery-icon landscape'>\n\t\t\t\t<a href='https:\/\/www.tucomarca.com\/wordpress\/segunda\/fotogaleria-bunol-recibe-a-el-reto-de-pablo-barcelona-valencia-en-bicicleta-por-la-investigacion-del-cancer-infantil-neuroblastoma\/tucomarcareto13-2\/'><img loading=\"lazy\" decoding=\"async\" width=\"1024\" height=\"685\" src=\"https:\/\/www.tucomarca.com\/wordpress\/segunda\/wp-content\/uploads\/2017\/10\/tucomarcareto13-1-1024x685.jpg\" class=\"attachment-large size-large\" alt=\"\" srcset=\"https:\/\/www.tucomarca.com\/wordpress\/segunda\/wp-content\/uploads\/2017\/10\/tucomarcareto13-1-1024x685.jpg 1024w, https:\/\/www.tucomarca.com\/wordpress\/segunda\/wp-content\/uploads\/2017\/10\/tucomarcareto13-1-300x201.jpg 300w, https:\/\/www.tucomarca.com\/wordpress\/segunda\/wp-content\/uploads\/2017\/10\/tucomarcareto13-1-768x514.jpg 768w\" sizes=\"auto, (max-width: 1024px) 100vw, 1024px\" \/><\/a>\n\t\t\t<\/div><\/figure><figure class='gallery-item'>\n\t\t\t<div class='gallery-icon landscape'>\n\t\t\t\t<a href='https:\/\/www.tucomarca.com\/wordpress\/segunda\/fotogaleria-bunol-recibe-a-el-reto-de-pablo-barcelona-valencia-en-bicicleta-por-la-investigacion-del-cancer-infantil-neuroblastoma\/tucomarcareto14\/'><img loading=\"lazy\" decoding=\"async\" width=\"1024\" height=\"685\" src=\"https:\/\/www.tucomarca.com\/wordpress\/segunda\/wp-content\/uploads\/2017\/10\/tucomarcareto14-1024x685.jpg\" class=\"attachment-large size-large\" alt=\"\" srcset=\"https:\/\/www.tucomarca.com\/wordpress\/segunda\/wp-content\/uploads\/2017\/10\/tucomarcareto14-1024x685.jpg 1024w, https:\/\/www.tucomarca.com\/wordpress\/segunda\/wp-content\/uploads\/2017\/10\/tucomarcareto14-300x201.jpg 300w, https:\/\/www.tucomarca.com\/wordpress\/segunda\/wp-content\/uploads\/2017\/10\/tucomarcareto14-768x514.jpg 768w\" sizes=\"auto, (max-width: 1024px) 100vw, 1024px\" \/><\/a>\n\t\t\t<\/div><\/figure>\n\t\t<\/div>\n\n","protected":false},"excerpt":{"rendered":"<div class=\"mh-excerpt\">La Asociaci\u00f3n Espa\u00f1ola Contra el C\u00e1ncer \u2014AECC\u2014 de Bu\u00f1ol y el Ayuntamiento de Bu\u00f1ol, a trav\u00e9s del concejal\u00eda de Sanidad han colaborado en esta ruta solidaria en bicicleta desde Barcelona a Albacete, por la investigaci\u00f3n <a class=\"mh-excerpt-more\" href=\"https:\/\/www.tucomarca.com\/wordpress\/segunda\/fotogaleria-bunol-recibe-a-el-reto-de-pablo-barcelona-valencia-en-bicicleta-por-la-investigacion-del-cancer-infantil-neuroblastoma\/\" title=\"Fotogaler\u00eda: Bu\u00f1ol recibe a \u00abEl reto de Pablo\u00bb Barcelona-Valencia en bicicleta por la investigaci\u00f3n del c\u00e1ncer infantil (Neuroblastoma)\">[+] <\/a><\/div>\n","protected":false},"author":2,"featured_media":60762,"comment_status":"open","ping_status":"open","sticky":false,"template":"","format":"standard","meta":{"footnotes":""},"categories":[18,119,8,10,5,3,45],"tags":[5335,10638,5952],"class_list":{"0":"post-60753","1":"post","2":"type-post","3":"status-publish","4":"format-standard","5":"has-post-thumbnail","7":"category-bunol","8":"category-sanidad-la-comarca","9":"category-la-comarca","10":"category-la-hoya","11":"category-la-semana-en-imagenes","12":"category-seccion","13":"category-ventana","14":"tag-ayuntamiento-de-bunol","15":"tag-el-reto-de-pablo","16":"tag-la-hoya-de-bunol-chiva"},"_links":{"self":[{"href":"https:\/\/www.tucomarca.com\/wordpress\/segunda\/wp-json\/wp\/v2\/posts\/60753","targetHints":{"allow":["GET"]}}],"collection":[{"href":"https:\/\/www.tucomarca.com\/wordpress\/segunda\/wp-json\/wp\/v2\/posts"}],"about":[{"href":"https:\/\/www.tucomarca.com\/wordpress\/segunda\/wp-json\/wp\/v2\/types\/post"}],"author":[{"embeddable":true,"href":"https:\/\/www.tucomarca.com\/wordpress\/segunda\/wp-json\/wp\/v2\/users\/2"}],"replies":[{"embeddable":true,"href":"https:\/\/www.tucomarca.com\/wordpress\/segunda\/wp-json\/wp\/v2\/comments?post=60753"}],"version-history":[{"count":0,"href":"https:\/\/www.tucomarca.com\/wordpress\/segunda\/wp-json\/wp\/v2\/posts\/60753\/revisions"}],"wp:featuredmedia":[{"embeddable":true,"href":"https:\/\/www.tucomarca.com\/wordpress\/segunda\/wp-json\/wp\/v2\/media\/60762"}],"wp:attachment":[{"href":"https:\/\/www.tucomarca.com\/wordpress\/segunda\/wp-json\/wp\/v2\/media?parent=60753"}],"wp:term":[{"taxonomy":"category","embeddable":true,"href":"https:\/\/www.tucomarca.com\/wordpress\/segunda\/wp-json\/wp\/v2\/categories?post=60753"},{"taxonomy":"post_tag","embeddable":true,"href":"https:\/\/www.tucomarca.com\/wordpress\/segunda\/wp-json\/wp\/v2\/tags?post=60753"}],"curies":[{"name":"wp","href":"https:\/\/api.w.org\/{rel}","templated":true}]}}