{"id":60783,"date":"2017-10-07T15:45:34","date_gmt":"2017-10-07T13:45:34","guid":{"rendered":"http:\/\/www.tucomarca.com\/wordpress\/segunda\/?p=60783"},"modified":"2017-10-07T15:45:34","modified_gmt":"2017-10-07T13:45:34","slug":"diputacion-y-generalitat-intensifican-la-coordinacion-de-dispositivos-especiales-para-emergencias","status":"publish","type":"post","link":"https:\/\/www.tucomarca.com\/wordpress\/segunda\/diputacion-y-generalitat-intensifican-la-coordinacion-de-dispositivos-especiales-para-emergencias\/","title":{"rendered":"Diputaci\u00f3n y Generalitat intensifican la coordinaci\u00f3n de dispositivos especiales para emergencias"},"content":{"rendered":"<figure id=\"attachment_60784\" aria-describedby=\"caption-attachment-60784\" style=\"width: 5184px\" class=\"wp-caption alignleft\"><img loading=\"lazy\" decoding=\"async\" class=\"size-full wp-image-60784\" src=\"https:\/\/www.tucomarca.com\/wordpress\/segunda\/wp-content\/uploads\/2017\/10\/emergencias.jpg\" alt=\"Diputaci\u00f3n y Generalitat intensifican la coordinaci\u00f3n de dispositivos especiales para emergencias.\" width=\"5184\" height=\"3456\" srcset=\"https:\/\/www.tucomarca.com\/wordpress\/segunda\/wp-content\/uploads\/2017\/10\/emergencias.jpg 5184w, https:\/\/www.tucomarca.com\/wordpress\/segunda\/wp-content\/uploads\/2017\/10\/emergencias-300x200.jpg 300w, https:\/\/www.tucomarca.com\/wordpress\/segunda\/wp-content\/uploads\/2017\/10\/emergencias-768x512.jpg 768w, https:\/\/www.tucomarca.com\/wordpress\/segunda\/wp-content\/uploads\/2017\/10\/emergencias-1024x683.jpg 1024w\" sizes=\"auto, (max-width: 5184px) 100vw, 5184px\" \/><figcaption id=\"caption-attachment-60784\" class=\"wp-caption-text\">Diputaci\u00f3n y Generalitat intensifican la coordinaci\u00f3n de dispositivos especiales para emergencias.<\/figcaption><\/figure>\n<p>El presidente de la Diputaci\u00f3n de Valencia, Jorge Rodr\u00edguez, ha convocado una reuni\u00f3n para cuantificar y organizar los dispositivos especiales para emergencias ante la temporada de lluvias y nevadas que pueden afectar a la provincia. Una reuni\u00f3n que ha servido para dar continuidad a la coordinaci\u00f3n existente hasta la fecha.<\/p>\n<p>En este contexto, Divalterra ha anunciado que contar\u00e1 con 56 brigadas dobles que actuar\u00e1n como dispositivo especial en caso de emergencia. Sobre estas se ha destacado la realizaci\u00f3n de pr\u00e1cticas de forma peri\u00f3dica para estar preparadas cuando sea necesario. Adem\u00e1s, ya se ha indicado que este a\u00f1o se mantendr\u00e1n las 48 motobombas de achique distribuidas entre ocho municipios con brigada de Divalterra y el almac\u00e9n de Quesa.<\/p>\n<p>\u201cEl a\u00f1o pasado en la provincia de Valencia tuvimos una de las respuestas m\u00e1s rigurosas\u201d, ha subrayado el director de la Agencia de Seguridad y Respuesta a las Emergencias, Jos\u00e9 Mar\u00eda \u00c1ngel. \u201cFue as\u00ed porque fuimos capaces de coordinar, por un lado, los operativos de los bomberos de la provincia y \u00a0la red de carreteras, y por otro, el desarrollo de una acci\u00f3n muy planificada en el tiempo, lo que para nosotros es una garant\u00eda de que daremos una respuesta profesional y basada en criterios t\u00e9cnicos\u201d.<\/p>\n<p>Buena parte de esta acci\u00f3n planificada se lleva a cabo desde el departamento de conservaci\u00f3n de carreteras, que ha intensificado las labores de prevenci\u00f3n para reducir da\u00f1os en caso de emergencias. Un trabajo continuo a lo largo de todo el a\u00f1o que pasa por mantener el drenaje en buenas condiciones, tener unas cunetas despejadas, limpiar los sistemas de bombeo en pasos inferiores y mantener los recursos propios (ingenieros, personal de vigilancia, etc.) en estado de alerta.<\/p>\n<p>&nbsp;<\/p>\n<p>\u201cTenemos mucha experiencia, sabemos c\u00f3mo operar y estamos en contacto directo con el Centro de Gesti\u00f3n y Seguridad Viaria de la Generalitat para intercambiar informaci\u00f3n\u201d, detalla el responsable de Conservaci\u00f3n. Adem\u00e1s, tras las fuertes lluvias del a\u00f1o pasado, que afectaron de manera sensible a las comarcas del interior, \u201cdesde esta \u00e1rea se est\u00e1n realizando medidas extraordinarias, como la realizaci\u00f3n de estudios para localizar las zonas con m\u00e1s inestabilidad y evitar taludes\u201d. \u201cSe est\u00e1n poniendo y se pondr\u00e1n en marcha recursos extra para evitar estos acontecimientos\u201d.<\/p>\n<p><strong>La Diputaci\u00f3n de Valencia, actor fundamental en caso de emergencia<\/strong><\/p>\n<p>En esta reuni\u00f3n de coordinaci\u00f3n ha intervenido el responsable del \u00e1rea de Carreteras e Infraestructuras, Pablo Segu\u00ed; as\u00ed como el titular de Medio Ambiente y Bomberos, Josep Bort. \u201cEs necesario incidir en la coordinaci\u00f3n entre administraciones y poner el acento en que estamos en una zona de gota fr\u00eda, por lo que hemos de coordinarnos para que todo salga bien en el momento en que Emergencias nos necesite\u201d, ha destacado Segu\u00ed.<\/p>\n<p>En esta l\u00ednea, el diputado de Carreteras ha hecho hincapi\u00e9 en la previsi\u00f3n que se ha hecho desde su \u00e1rea: \u201cTenemos planificada cu\u00e1l es la actuaci\u00f3n que tenemos que hacer en cada una de nuestras seis demarcaciones y los medios que tenemos que poner para cualquier incidencia que nos venga dada por la gota fr\u00eda en cualquier carretera de la Diputaci\u00f3n de Valencia\u201d.<\/p>\n<p>\u201cTodas tienen su equipo, sus brigadas, que son las que se encargan del mantenimiento de las carreteras en periodos especiales con temporales como han sido las nieves o la gota fr\u00eda. Tenemos el dispositivo preparado para ca\u00eddas de \u00e1rboles en carreteras y desprendimientos y, en definitiva, para dar una respuesta r\u00e1pida a todos esos problemas que nos podemos encontrar en la v\u00eda\u201d, ha subrayado.<\/p>\n<p>\u201cEstamos incidiendo en la coordinaci\u00f3n\u201d, ha reforzado Bort. \u201cTenemos claro que las administraciones p\u00fablicas hemos de coordinarnos para minimizar la emergencia, y en eso estamos trabajando\u201d. Tanto Carreteras, como la direcci\u00f3n general de Jos\u00e9 Mar\u00eda \u00c1ngel, como Bomberos y, \u201csobre todo, Divalterra\u201d, ha descrito Bort, \u201ctenemos la encomienda de estar presentes en el territorio, tener la primera informaci\u00f3n, de primera mano, y ser los primeros en llegar para minimizar cualquier tipo de emergencia\u201d.<\/p>\n","protected":false},"excerpt":{"rendered":"<div class=\"mh-excerpt\">El presidente de la Diputaci\u00f3n de Valencia, Jorge Rodr\u00edguez, ha convocado una reuni\u00f3n para cuantificar y organizar los dispositivos especiales para emergencias ante la temporada de lluvias y nevadas que pueden afectar a la provincia. <a class=\"mh-excerpt-more\" href=\"https:\/\/www.tucomarca.com\/wordpress\/segunda\/diputacion-y-generalitat-intensifican-la-coordinacion-de-dispositivos-especiales-para-emergencias\/\" title=\"Diputaci\u00f3n y Generalitat intensifican la coordinaci\u00f3n de dispositivos especiales para emergencias\">[+] <\/a><\/div>\n","protected":false},"author":1,"featured_media":60784,"comment_status":"open","ping_status":"open","sticky":false,"template":"","format":"standard","meta":{"footnotes":""},"categories":[128,8,72,142,3,116,45],"tags":[204],"class_list":{"0":"post-60783","1":"post","2":"type-post","3":"status-publish","4":"format-standard","5":"has-post-thumbnail","7":"category-infraestructuras","8":"category-la-comarca","9":"category-sin-categorizar","10":"category-politica-la-comarca","11":"category-seccion","12":"category-sucesos-la-comarca","13":"category-ventana","14":"tag-diputacion"},"_links":{"self":[{"href":"https:\/\/www.tucomarca.com\/wordpress\/segunda\/wp-json\/wp\/v2\/posts\/60783","targetHints":{"allow":["GET"]}}],"collection":[{"href":"https:\/\/www.tucomarca.com\/wordpress\/segunda\/wp-json\/wp\/v2\/posts"}],"about":[{"href":"https:\/\/www.tucomarca.com\/wordpress\/segunda\/wp-json\/wp\/v2\/types\/post"}],"author":[{"embeddable":true,"href":"https:\/\/www.tucomarca.com\/wordpress\/segunda\/wp-json\/wp\/v2\/users\/1"}],"replies":[{"embeddable":true,"href":"https:\/\/www.tucomarca.com\/wordpress\/segunda\/wp-json\/wp\/v2\/comments?post=60783"}],"version-history":[{"count":0,"href":"https:\/\/www.tucomarca.com\/wordpress\/segunda\/wp-json\/wp\/v2\/posts\/60783\/revisions"}],"wp:featuredmedia":[{"embeddable":true,"href":"https:\/\/www.tucomarca.com\/wordpress\/segunda\/wp-json\/wp\/v2\/media\/60784"}],"wp:attachment":[{"href":"https:\/\/www.tucomarca.com\/wordpress\/segunda\/wp-json\/wp\/v2\/media?parent=60783"}],"wp:term":[{"taxonomy":"category","embeddable":true,"href":"https:\/\/www.tucomarca.com\/wordpress\/segunda\/wp-json\/wp\/v2\/categories?post=60783"},{"taxonomy":"post_tag","embeddable":true,"href":"https:\/\/www.tucomarca.com\/wordpress\/segunda\/wp-json\/wp\/v2\/tags?post=60783"}],"curies":[{"name":"wp","href":"https:\/\/api.w.org\/{rel}","templated":true}]}}