{"id":60875,"date":"2017-10-11T20:01:06","date_gmt":"2017-10-11T18:01:06","guid":{"rendered":"http:\/\/www.tucomarca.com\/wordpress\/segunda\/?p=60875"},"modified":"2017-10-11T20:01:06","modified_gmt":"2017-10-11T18:01:06","slug":"la-agencia-valenciana-de-turismo-confirma-la-subvencion-de-7-800-e-para-el-mano-a-mano-de-bunol","status":"publish","type":"post","link":"https:\/\/www.tucomarca.com\/wordpress\/segunda\/la-agencia-valenciana-de-turismo-confirma-la-subvencion-de-7-800-e-para-el-mano-a-mano-de-bunol\/","title":{"rendered":"La Agencia Valenciana de Turismo confirma la subvenci\u00f3n de 7.800 \u20ac para el \u00abMano a mano\u00bb de Bu\u00f1ol"},"content":{"rendered":"<div dir=\"auto\">\n<figure id=\"attachment_44051\" aria-describedby=\"caption-attachment-44051\" style=\"width: 179px\" class=\"wp-caption alignleft\"><img loading=\"lazy\" decoding=\"async\" class=\" wp-image-44051\" src=\"https:\/\/www.tucomarca.com\/wordpress\/segunda\/wp-content\/uploads\/2016\/02\/Manuel_Sierra.jpg\" alt=\"El concejal Manuel Sierra.\" width=\"179\" height=\"269\" srcset=\"https:\/\/www.tucomarca.com\/wordpress\/segunda\/wp-content\/uploads\/2016\/02\/Manuel_Sierra.jpg 378w, https:\/\/www.tucomarca.com\/wordpress\/segunda\/wp-content\/uploads\/2016\/02\/Manuel_Sierra-200x300.jpg 200w\" sizes=\"auto, (max-width: 179px) 100vw, 179px\" \/><figcaption id=\"caption-attachment-44051\" class=\"wp-caption-text\">El concejal Manuel Sierra.<\/figcaption><\/figure>\n<p>El concejal de Turismo de la localidad, Manuel Sierra, ha agradecido el esfuerzo que se hace desde la Generalitat, en la difusi\u00f3n del, seg\u00fan el edil, \u00abacto tur\u00edstico cultural m\u00e1s importante del mes de agosto en la Comunitat Valenciana\u00bb. Para Sierra, una prueba evidente de que el Mano a Mano se ha convertido en todo un referente, es que otros proyectos de envergadura, como el Concert de les Bandes de Ll\u00edria, mire hacia Bu\u00f1ol para hacer crecer su evento. \u00abQu\u00e9 un pueblo referente en la m\u00fasica de banda como Ll\u00edria, tenga como espejo donde mirarse nuestro Mano a Mano, es para Bu\u00f1ol una grand\u00edsima satisfacci\u00f3n, siendo una muestra m\u00e1s de las positivas relaciones actuales, entre bandas y ayuntamientos, de estas dos localidades, protagonistas de la m\u00fasica de banda en Valencia\u00bb, sentencia el concejal del ramo.<\/p>\n<\/div>\n<div dir=\"auto\"><\/div>\n<div dir=\"auto\">Sierra ha querido recordar como en el primer Mano a Mano de esta legislatura, este evento contaba con 0 euros de subvenci\u00f3n, ya que seg\u00fan el concejal, esta subvenci\u00f3n fue gestionada por el anterior gobierno auton\u00f3mico del PP en la Generalitat y este puntu\u00f3 negativamente el Mano a Mano, a la hora de poder recibir alg\u00fan tipo de ayuda de la administraci\u00f3n auton\u00f3mica. \u00abSolo la pronta intervenci\u00f3n por parte de los t\u00e9cnicos y las concejal\u00edas de Cultura y Turismo del Ayuntamiento de Bu\u00f1ol, hizo corregir este grand\u00edsima error del anterior gobierno auton\u00f3mico y que desde la Agencia Valenciana de Turismo, despues del cambio de gobierno que se llev\u00f3 a cabo durante ese mismo a\u00f1o, se hicieran cargo de parte de la promoci\u00f3n de dicho evento\u00bb, aclara Sierra, resaltando que en las ediciones de 2016 y 2017, ya se ha contado con una subvenci\u00f3n directa, por parte de este \u00f3rgano de promoci\u00f3n tur\u00edstica, perteneciente a la Generalitat Valenciana.<\/div>\n<div dir=\"auto\"><\/div>\n<div dir=\"auto\">A pesar de que no han confirmado el importe total de la cuant\u00eda a la que ascend\u00eda la subvenci\u00f3n de este a\u00f1o, hasta casi dos meses despu\u00e9s del evento, las buenas relaciones entre administraciones, han contribuido a que desde el municipio, siempre se confiara en la palabra de la AVT y desde un primer momento, no se dudara de que este importe se iba a recibir, aclaran desde la concejal\u00eda de Turismo de Bu\u00f1ol.<\/div>\n","protected":false},"excerpt":{"rendered":"<div class=\"mh-excerpt\">El concejal de Turismo de la localidad, Manuel Sierra, ha agradecido el esfuerzo que se hace desde la Generalitat, en la difusi\u00f3n del, seg\u00fan el edil, \u00abacto tur\u00edstico cultural m\u00e1s importante del mes de agosto <a class=\"mh-excerpt-more\" href=\"https:\/\/www.tucomarca.com\/wordpress\/segunda\/la-agencia-valenciana-de-turismo-confirma-la-subvencion-de-7-800-e-para-el-mano-a-mano-de-bunol\/\" title=\"La Agencia Valenciana de Turismo confirma la subvenci\u00f3n de 7.800 \u20ac para el \u00abMano a mano\u00bb de Bu\u00f1ol\">[+] <\/a><\/div>\n","protected":false},"author":2,"featured_media":60872,"comment_status":"open","ping_status":"open","sticky":false,"template":"","format":"standard","meta":{"footnotes":""},"categories":[18,66,128,8,10,3],"tags":[5335,10583,5952],"class_list":{"0":"post-60875","1":"post","2":"type-post","3":"status-publish","4":"format-standard","5":"has-post-thumbnail","7":"category-bunol","8":"category-musica","9":"category-infraestructuras","10":"category-la-comarca","11":"category-la-hoya","12":"category-seccion","13":"tag-ayuntamiento-de-bunol","14":"tag-concejalia-de-turismo-de-bunol","15":"tag-la-hoya-de-bunol-chiva"},"_links":{"self":[{"href":"https:\/\/www.tucomarca.com\/wordpress\/segunda\/wp-json\/wp\/v2\/posts\/60875","targetHints":{"allow":["GET"]}}],"collection":[{"href":"https:\/\/www.tucomarca.com\/wordpress\/segunda\/wp-json\/wp\/v2\/posts"}],"about":[{"href":"https:\/\/www.tucomarca.com\/wordpress\/segunda\/wp-json\/wp\/v2\/types\/post"}],"author":[{"embeddable":true,"href":"https:\/\/www.tucomarca.com\/wordpress\/segunda\/wp-json\/wp\/v2\/users\/2"}],"replies":[{"embeddable":true,"href":"https:\/\/www.tucomarca.com\/wordpress\/segunda\/wp-json\/wp\/v2\/comments?post=60875"}],"version-history":[{"count":0,"href":"https:\/\/www.tucomarca.com\/wordpress\/segunda\/wp-json\/wp\/v2\/posts\/60875\/revisions"}],"wp:featuredmedia":[{"embeddable":true,"href":"https:\/\/www.tucomarca.com\/wordpress\/segunda\/wp-json\/wp\/v2\/media\/60872"}],"wp:attachment":[{"href":"https:\/\/www.tucomarca.com\/wordpress\/segunda\/wp-json\/wp\/v2\/media?parent=60875"}],"wp:term":[{"taxonomy":"category","embeddable":true,"href":"https:\/\/www.tucomarca.com\/wordpress\/segunda\/wp-json\/wp\/v2\/categories?post=60875"},{"taxonomy":"post_tag","embeddable":true,"href":"https:\/\/www.tucomarca.com\/wordpress\/segunda\/wp-json\/wp\/v2\/tags?post=60875"}],"curies":[{"name":"wp","href":"https:\/\/api.w.org\/{rel}","templated":true}]}}