{"id":6088,"date":"2012-08-02T21:25:10","date_gmt":"2012-08-02T19:25:10","guid":{"rendered":"http:\/\/www.tucomarca.com\/wordpress\/segunda\/?p=6088"},"modified":"2012-08-02T22:01:12","modified_gmt":"2012-08-02T20:01:12","slug":"los-socialistas-de-la-hoya-visitan-en-compania-de-jose-luis-abalos-la-zona-afectada-por-el-incendio","status":"publish","type":"post","link":"https:\/\/www.tucomarca.com\/wordpress\/segunda\/los-socialistas-de-la-hoya-visitan-en-compania-de-jose-luis-abalos-la-zona-afectada-por-el-incendio\/","title":{"rendered":"Los socialistas de La Hoya visitan en compa\u00f1\u00eda de Jos\u00e9 Luis \u00c1balos la zona afectada por el incendio"},"content":{"rendered":"<figure id=\"attachment_6089\" aria-describedby=\"caption-attachment-6089\" style=\"width: 300px\" class=\"wp-caption alignleft\"><a href=\"https:\/\/www.tucomarca.com\/wordpress\/segunda\/wp-content\/uploads\/2012\/08\/304531_472641452754965_1542483333_n.jpg\"><img loading=\"lazy\" decoding=\"async\" class=\"size-medium wp-image-6089\" title=\"304531_472641452754965_1542483333_n\" src=\"https:\/\/www.tucomarca.com\/wordpress\/segunda\/wp-content\/uploads\/2012\/08\/304531_472641452754965_1542483333_n-300x225.jpg\" alt=\"Los integrantes del PSOE de La Hoya en compa\u00f1\u00eda de Jos\u00e9 Luis \u00c1balos.\" width=\"300\" height=\"225\" srcset=\"https:\/\/www.tucomarca.com\/wordpress\/segunda\/wp-content\/uploads\/2012\/08\/304531_472641452754965_1542483333_n-300x225.jpg 300w, https:\/\/www.tucomarca.com\/wordpress\/segunda\/wp-content\/uploads\/2012\/08\/304531_472641452754965_1542483333_n.jpg 960w\" sizes=\"auto, (max-width: 300px) 100vw, 300px\" \/><\/a><figcaption id=\"caption-attachment-6089\" class=\"wp-caption-text\">Los integrantes del PSOE de La Hoya en compa\u00f1\u00eda de Jos\u00e9 Luis \u00c1balos.<\/figcaption><\/figure>\n<p>\u00abLa ejecutiva comarcal liderada por Gonzalo Guill\u00e9n, adem\u00e1s de diferentes miembros destacados del PSOE en esta comarca, como el secretario general de Bu\u00f1ol, Aurelio Palmer, se han reunido esta tarde con Jos\u00e9 Luis \u00c1balos en Macastre, para empezar a trabajar desde ya, en las diferentes movilizaciones, reuniones, conferencias y en definitiva, trabajo, que vamos a realizar desde el PSPV-PSOE a todos los niveles, para que el grave incendio que ha arrasado nuestra comarca, producido por los recortes del PP en materia de prevenci\u00f3n de incendios, no acabe en saco roto\u00bb, tal como han informado fuente sdel PSPV-PSOE en Bu\u00f1ol.<\/p>\n<p>\u00abLas ganas que ha mostrado nuestro secretario provincial en estar al tanto de todo lo sucedido, nos hace pensar desde los socialistas de Bu\u00f1ol, que estamos en buenas manos. T\u00e9rmino de nuestro pueblo no se ha quemado, pero este incendio lo sentimos como nuestro, por lo que estaremos trabajando los socialistas de Bu\u00f1ol, codo con codo junto al resto de compa\u00f1eros de la comarca\u00bb, seg\u00fan las mismas fuentes.<\/p>\n<p>Al terminar la reuni\u00f3n, \u00ablos compa\u00f1eros de Macastre han ense\u00f1ado al resto de miembros de la ejecutiva comarcal y a Jos\u00e9 Luis \u00c1balos, el da\u00f1o que ha causado el fuego en todo el t\u00e9rmino de Macastre. El secretario provincial se ha comprometido a visitar nuevamente nuestra comarca en el mes de septiembre y a hablar con el resto de pueblos del interior, afectados por el incendio, para tratar de tener una visi\u00f3n global del grave problema que ha supuesto este drama medioambiental y poder llevar a cabo acciones conjuntas entre las diferentes zonas afectadas\u00bb, han finalizado desde el PSOE.<\/p>\n","protected":false},"excerpt":{"rendered":"<div class=\"mh-excerpt\">\u00abLa ejecutiva comarcal liderada por Gonzalo Guill\u00e9n, adem\u00e1s de diferentes miembros destacados del PSOE en esta comarca, como el secretario general de Bu\u00f1ol, Aurelio Palmer, se han reunido esta tarde con Jos\u00e9 Luis \u00c1balos en <a class=\"mh-excerpt-more\" href=\"https:\/\/www.tucomarca.com\/wordpress\/segunda\/los-socialistas-de-la-hoya-visitan-en-compania-de-jose-luis-abalos-la-zona-afectada-por-el-incendio\/\" title=\"Los socialistas de La Hoya visitan en compa\u00f1\u00eda de Jos\u00e9 Luis \u00c1balos la zona afectada por el incendio\">[+] <\/a><\/div>\n","protected":false},"author":1,"featured_media":6089,"comment_status":"open","ping_status":"open","sticky":false,"template":"","format":"standard","meta":{"footnotes":""},"categories":[8,10,13,142,3,45],"tags":[],"class_list":{"0":"post-6088","1":"post","2":"type-post","3":"status-publish","4":"format-standard","5":"has-post-thumbnail","7":"category-la-comarca","8":"category-la-hoya","9":"category-macastre","10":"category-politica-la-comarca","11":"category-seccion","12":"category-ventana"},"_links":{"self":[{"href":"https:\/\/www.tucomarca.com\/wordpress\/segunda\/wp-json\/wp\/v2\/posts\/6088","targetHints":{"allow":["GET"]}}],"collection":[{"href":"https:\/\/www.tucomarca.com\/wordpress\/segunda\/wp-json\/wp\/v2\/posts"}],"about":[{"href":"https:\/\/www.tucomarca.com\/wordpress\/segunda\/wp-json\/wp\/v2\/types\/post"}],"author":[{"embeddable":true,"href":"https:\/\/www.tucomarca.com\/wordpress\/segunda\/wp-json\/wp\/v2\/users\/1"}],"replies":[{"embeddable":true,"href":"https:\/\/www.tucomarca.com\/wordpress\/segunda\/wp-json\/wp\/v2\/comments?post=6088"}],"version-history":[{"count":0,"href":"https:\/\/www.tucomarca.com\/wordpress\/segunda\/wp-json\/wp\/v2\/posts\/6088\/revisions"}],"wp:featuredmedia":[{"embeddable":true,"href":"https:\/\/www.tucomarca.com\/wordpress\/segunda\/wp-json\/wp\/v2\/media\/6089"}],"wp:attachment":[{"href":"https:\/\/www.tucomarca.com\/wordpress\/segunda\/wp-json\/wp\/v2\/media?parent=6088"}],"wp:term":[{"taxonomy":"category","embeddable":true,"href":"https:\/\/www.tucomarca.com\/wordpress\/segunda\/wp-json\/wp\/v2\/categories?post=6088"},{"taxonomy":"post_tag","embeddable":true,"href":"https:\/\/www.tucomarca.com\/wordpress\/segunda\/wp-json\/wp\/v2\/tags?post=6088"}],"curies":[{"name":"wp","href":"https:\/\/api.w.org\/{rel}","templated":true}]}}