{"id":6091,"date":"2012-08-02T21:43:56","date_gmt":"2012-08-02T19:43:56","guid":{"rendered":"http:\/\/www.tucomarca.com\/wordpress\/segunda\/?p=6091"},"modified":"2012-08-02T21:43:56","modified_gmt":"2012-08-02T19:43:56","slug":"el-consell-potenciara-la-biomasa-de-los-montes-para-generar-ingresos-en-las-zonas-rurales-y-ayudar-a-la-prevencion-de-incendios","status":"publish","type":"post","link":"https:\/\/www.tucomarca.com\/wordpress\/segunda\/el-consell-potenciara-la-biomasa-de-los-montes-para-generar-ingresos-en-las-zonas-rurales-y-ayudar-a-la-prevencion-de-incendios\/","title":{"rendered":"El Consell potenciar\u00e1 la biomasa de los montes para generar ingresos en las zonas rurales y ayudar a la prevenci\u00f3n de incendios"},"content":{"rendered":"<p>El director general de Medio Natural, Alfredo Gonz\u00e1lez, ha asegurado  que la Conselleria de Infraestructuras, Territorio y Medio Ambiente  tiene entre sus objetivos potenciar el aprovechamiento sostenible de la  biomasa de los montes de la Comunitat Valenciana con el objetivo de  generar ingresos en las zonas rurales, tal y como recoge el Plan de  Acci\u00f3n Territorial Forestal.<\/p>\n<p>Gonz\u00e1lez ha realizado estas declaraciones en la visita a la  planta de procesado de biomasa forestal de Maderas Soler, en el  municipio de Ayora, donde se astilla la madera procedente de los  tratamientos selv\u00edcolas y de cortas autorizadas en la Comunitat  Valenciana.<\/p>\n<p>Seg\u00fan ha explicado, las astillas producidas en esta planta  \u00abpueden ir destinadas a producir energ\u00eda t\u00e9rmica para los hogares y  edificios p\u00fablicos que est\u00e9n dotadas de la caldera adecuada y, al mismo  tiempo, pueden ser destinadas a producir gas o energ\u00eda el\u00e9ctrica, en las  correspondientes gasificadoras y turbinas de generaci\u00f3n el\u00e9ctrica\u00bb.<\/p>\n<p>\u00abSe trata -ha continuado- de una energ\u00eda renovable ya que toda  la madera procesada en la planta garantiza la sostenibilidad de los  montes y mejora la estructura de las masas forestales, lo que, al mismo  tiempo, ayuda a la prevenci\u00f3n de incendios\u00bb.<\/p>\n<p>Adem\u00e1s, la actividad propia de la planta y, sobre todo, la  provisi\u00f3n de la madera para su astillado supone la generaci\u00f3n de nuevos  puestos de trabajo en el medio rural y la conservaci\u00f3n y mejora de  nuestros bosques.<\/p>\n<p>\u00abLos recursos forestales que nos proporcionan nuestros bosques  gestionados de forma sostenible -ha explicado el director general-  producen esta materia prima que, una vez tratada y transformada en  distintos productos como astillas o pellets, entre otros, sirven de base  como una energ\u00eda renovable, limpia y sostenible que cumple los  objetivos del protocolo de Kyoto, ya que su valorizaci\u00f3n energ\u00e9tica no  computa a efectos de emisiones\u00bb<\/p>\n<p>\u00abPor lo que son muchas las ventajas que nos ofrece la biomasa  forestal y saber aprovecharlas nos permitir\u00e1 convertir este recurso en  uno de los motores del desarrollo rural de nuestra Comunitat\u00bb, ha  concluido<\/p>\n","protected":false},"excerpt":{"rendered":"<div class=\"mh-excerpt\">El director general de Medio Natural, Alfredo Gonz\u00e1lez, ha asegurado que la Conselleria de Infraestructuras, Territorio y Medio Ambiente tiene entre sus objetivos potenciar el aprovechamiento sostenible de la biomasa de los montes de la <a class=\"mh-excerpt-more\" href=\"https:\/\/www.tucomarca.com\/wordpress\/segunda\/el-consell-potenciara-la-biomasa-de-los-montes-para-generar-ingresos-en-las-zonas-rurales-y-ayudar-a-la-prevencion-de-incendios\/\" title=\"El Consell potenciar\u00e1 la biomasa de los montes para generar ingresos en las zonas rurales y ayudar a la prevenci\u00f3n de incendios\">[+] <\/a><\/div>\n","protected":false},"author":1,"featured_media":0,"comment_status":"open","ping_status":"open","sticky":false,"template":"","format":"standard","meta":{"footnotes":""},"categories":[169,8,72,10,117,3],"tags":[],"class_list":{"0":"post-6091","1":"post","2":"type-post","3":"status-publish","4":"format-standard","6":"category-agricultura-la-comarca","7":"category-la-comarca","8":"category-sin-categorizar","9":"category-la-hoya","10":"category-medio-ambiente-la-comarca","11":"category-seccion"},"_links":{"self":[{"href":"https:\/\/www.tucomarca.com\/wordpress\/segunda\/wp-json\/wp\/v2\/posts\/6091","targetHints":{"allow":["GET"]}}],"collection":[{"href":"https:\/\/www.tucomarca.com\/wordpress\/segunda\/wp-json\/wp\/v2\/posts"}],"about":[{"href":"https:\/\/www.tucomarca.com\/wordpress\/segunda\/wp-json\/wp\/v2\/types\/post"}],"author":[{"embeddable":true,"href":"https:\/\/www.tucomarca.com\/wordpress\/segunda\/wp-json\/wp\/v2\/users\/1"}],"replies":[{"embeddable":true,"href":"https:\/\/www.tucomarca.com\/wordpress\/segunda\/wp-json\/wp\/v2\/comments?post=6091"}],"version-history":[{"count":0,"href":"https:\/\/www.tucomarca.com\/wordpress\/segunda\/wp-json\/wp\/v2\/posts\/6091\/revisions"}],"wp:attachment":[{"href":"https:\/\/www.tucomarca.com\/wordpress\/segunda\/wp-json\/wp\/v2\/media?parent=6091"}],"wp:term":[{"taxonomy":"category","embeddable":true,"href":"https:\/\/www.tucomarca.com\/wordpress\/segunda\/wp-json\/wp\/v2\/categories?post=6091"},{"taxonomy":"post_tag","embeddable":true,"href":"https:\/\/www.tucomarca.com\/wordpress\/segunda\/wp-json\/wp\/v2\/tags?post=6091"}],"curies":[{"name":"wp","href":"https:\/\/api.w.org\/{rel}","templated":true}]}}