{"id":60937,"date":"2017-10-12T19:23:51","date_gmt":"2017-10-12T17:23:51","guid":{"rendered":"http:\/\/www.tucomarca.com\/wordpress\/segunda\/?p=60937"},"modified":"2017-10-12T19:40:30","modified_gmt":"2017-10-12T17:40:30","slug":"el-cd-bunol-destituye-a-javi-pons-del-primer-equipo-del-que-se-va-a-hacer-cargo-miguel-angel-bossio","status":"publish","type":"post","link":"https:\/\/www.tucomarca.com\/wordpress\/segunda\/el-cd-bunol-destituye-a-javi-pons-del-primer-equipo-del-que-se-va-a-hacer-cargo-miguel-angel-bossio\/","title":{"rendered":"El CD Bu\u00f1ol destituye a Javi Pons del primer equipo del que se va a hacer cargo Miguel \u00c1ngel Bossio"},"content":{"rendered":"<figure id=\"attachment_58804\" aria-describedby=\"caption-attachment-58804\" style=\"width: 480px\" class=\"wp-caption alignleft\"><img loading=\"lazy\" decoding=\"async\" class=\" wp-image-58804\" src=\"https:\/\/www.tucomarca.com\/wordpress\/segunda\/wp-content\/uploads\/2017\/08\/JaviPons.jpg\" alt=\"El m\u00edster del CD Bu\u00f1ol, durante la entrevista realizada por tucomarca televisi\u00f3n.\" width=\"480\" height=\"270\" srcset=\"https:\/\/www.tucomarca.com\/wordpress\/segunda\/wp-content\/uploads\/2017\/08\/JaviPons.jpg 1920w, https:\/\/www.tucomarca.com\/wordpress\/segunda\/wp-content\/uploads\/2017\/08\/JaviPons-300x169.jpg 300w, https:\/\/www.tucomarca.com\/wordpress\/segunda\/wp-content\/uploads\/2017\/08\/JaviPons-768x432.jpg 768w, https:\/\/www.tucomarca.com\/wordpress\/segunda\/wp-content\/uploads\/2017\/08\/JaviPons-1024x576.jpg 1024w\" sizes=\"auto, (max-width: 480px) 100vw, 480px\" \/><figcaption id=\"caption-attachment-58804\" class=\"wp-caption-text\">El m\u00edster del CD Bu\u00f1ol, durante la entrevista realizada por tucomarca televisi\u00f3n.<\/figcaption><\/figure>\n<p>Tal como ha anunciado el Club Deportivo Bu\u00f1ol a trav\u00e9s de su cuenta de twitter este jueves por la tarde, el club ha tomado la decisi\u00f3n de \u00abdestituir a Javi Pons como\u00a0t\u00e9cnico de la plantilla\u00bb.<\/p>\n<p>En el mismo breve comunicado, el club blanco tambi\u00e9n ha anunciado que Miguel \u00c1ngel Bossio \u00abse hace cargo del equipo\u00bb; al parecer de manera interina hasta que haya un nuevo entrenador designado por la directiva del club.<\/p>\n<p>El anuncio se ha realizado tras la derrota sufrida en la tarde noche del mi\u00e9rcoles frente al CF Borriol conjunto contra el que el CD Bu\u00f1ol cay\u00f3 derrotado\u00a0por 0 goles a 2.<\/p>\n<p>&nbsp;<\/p>\n","protected":false},"excerpt":{"rendered":"<div class=\"mh-excerpt\">Tal como ha anunciado el Club Deportivo Bu\u00f1ol a trav\u00e9s de su cuenta de twitter este jueves por la tarde, el club ha tomado la decisi\u00f3n de \u00abdestituir a Javi Pons como\u00a0t\u00e9cnico de la plantilla\u00bb. <a class=\"mh-excerpt-more\" href=\"https:\/\/www.tucomarca.com\/wordpress\/segunda\/el-cd-bunol-destituye-a-javi-pons-del-primer-equipo-del-que-se-va-a-hacer-cargo-miguel-angel-bossio\/\" title=\"El CD Bu\u00f1ol destituye a Javi Pons del primer equipo del que se va a hacer cargo Miguel \u00c1ngel Bossio\">[+] <\/a><\/div>\n","protected":false},"author":1,"featured_media":58804,"comment_status":"open","ping_status":"open","sticky":false,"template":"","format":"standard","meta":{"footnotes":""},"categories":[18,50,6,10,3,45],"tags":[537,10379,44,5952],"class_list":{"0":"post-60937","1":"post","2":"type-post","3":"status-publish","4":"format-standard","5":"has-post-thumbnail","7":"category-bunol","8":"category-futbol-deportes","9":"category-deportes","10":"category-la-hoya","11":"category-seccion","12":"category-ventana","13":"tag-cd-bunol","14":"tag-deportes","15":"tag-futbol","16":"tag-la-hoya-de-bunol-chiva"},"_links":{"self":[{"href":"https:\/\/www.tucomarca.com\/wordpress\/segunda\/wp-json\/wp\/v2\/posts\/60937","targetHints":{"allow":["GET"]}}],"collection":[{"href":"https:\/\/www.tucomarca.com\/wordpress\/segunda\/wp-json\/wp\/v2\/posts"}],"about":[{"href":"https:\/\/www.tucomarca.com\/wordpress\/segunda\/wp-json\/wp\/v2\/types\/post"}],"author":[{"embeddable":true,"href":"https:\/\/www.tucomarca.com\/wordpress\/segunda\/wp-json\/wp\/v2\/users\/1"}],"replies":[{"embeddable":true,"href":"https:\/\/www.tucomarca.com\/wordpress\/segunda\/wp-json\/wp\/v2\/comments?post=60937"}],"version-history":[{"count":0,"href":"https:\/\/www.tucomarca.com\/wordpress\/segunda\/wp-json\/wp\/v2\/posts\/60937\/revisions"}],"wp:featuredmedia":[{"embeddable":true,"href":"https:\/\/www.tucomarca.com\/wordpress\/segunda\/wp-json\/wp\/v2\/media\/58804"}],"wp:attachment":[{"href":"https:\/\/www.tucomarca.com\/wordpress\/segunda\/wp-json\/wp\/v2\/media?parent=60937"}],"wp:term":[{"taxonomy":"category","embeddable":true,"href":"https:\/\/www.tucomarca.com\/wordpress\/segunda\/wp-json\/wp\/v2\/categories?post=60937"},{"taxonomy":"post_tag","embeddable":true,"href":"https:\/\/www.tucomarca.com\/wordpress\/segunda\/wp-json\/wp\/v2\/tags?post=60937"}],"curies":[{"name":"wp","href":"https:\/\/api.w.org\/{rel}","templated":true}]}}