{"id":6094,"date":"2012-08-02T21:48:22","date_gmt":"2012-08-02T19:48:22","guid":{"rendered":"http:\/\/www.tucomarca.com\/wordpress\/segunda\/?p=6094"},"modified":"2012-08-02T21:48:22","modified_gmt":"2012-08-02T19:48:22","slug":"la-policia-local-de-turis-imputa-a-una-persona-por-presunto-delito-contra-la-salud-publica","status":"publish","type":"post","link":"https:\/\/www.tucomarca.com\/wordpress\/segunda\/la-policia-local-de-turis-imputa-a-una-persona-por-presunto-delito-contra-la-salud-publica\/","title":{"rendered":"La Polic\u00eda Local de Tur\u00eds imputa a una persona por presunto delito contra la salud p\u00fablica"},"content":{"rendered":"<p>La Polic\u00eda Local de Tur\u00eds ha imputado a una persona de nacionalidad italiana afincada en la urbanizac\u00f3n de La Ca\u00f1ada del Pavo por un presunto delito contra la salud p\u00fablica tras intervenirle en su casa un total de 52 plantas de marihuana de las cuales 22 son adultas y las otras 32 estaban en proceso de producci\u00f3n, seg\u00fan han informado fuentes municipales.<\/p>\n<p>En el mercado negro el valor de un plant\u00f3n de esas caracter\u00edsticas puede estar por los 10 euros mientras que las plantas \u201chembra\u201d pueden llegar hasta los 1.000 euros. Seg\u00fan explican desde el cuerpo de Polic\u00eda Local, los hechos se produjeron este mi\u00e9rcoles uno de agosto tras un trabajo de investigaci\u00f3n y seguimiento llevado a cabo desde el mes de junio como consecuencia de una queja vecinal por el fuerte olor que desprend\u00edan las plantas.<\/p>\n<p>Los hechos han sido puestos en conocimiento de la autoridad judicial de Requena. Esta es la tercera operaci\u00f3n en un mes de incautaci\u00f3n de Marihuana realizada por la Polic\u00eda Local de Tur\u00eds, bien de forma independiente o bien junto con la guardia Civil. El total de plantas de marihuana incautadas entre todas ellas asciende a casi doscientas.<\/p>\n","protected":false},"excerpt":{"rendered":"<div class=\"mh-excerpt\">La Polic\u00eda Local de Tur\u00eds ha imputado a una persona de nacionalidad italiana afincada en la urbanizac\u00f3n de La Ca\u00f1ada del Pavo por un presunto delito contra la salud p\u00fablica tras intervenirle en su casa <a class=\"mh-excerpt-more\" href=\"https:\/\/www.tucomarca.com\/wordpress\/segunda\/la-policia-local-de-turis-imputa-a-una-persona-por-presunto-delito-contra-la-salud-publica\/\" title=\"La Polic\u00eda Local de Tur\u00eds imputa a una persona por presunto delito contra la salud p\u00fablica\">[+] <\/a><\/div>\n","protected":false},"author":1,"featured_media":6096,"comment_status":"open","ping_status":"open","sticky":false,"template":"","format":"standard","meta":{"footnotes":""},"categories":[8,42,3,116,43,45],"tags":[],"class_list":{"0":"post-6094","1":"post","2":"type-post","3":"status-publish","4":"format-standard","5":"has-post-thumbnail","7":"category-la-comarca","8":"category-la-ribera","9":"category-seccion","10":"category-sucesos-la-comarca","11":"category-turis","12":"category-ventana"},"_links":{"self":[{"href":"https:\/\/www.tucomarca.com\/wordpress\/segunda\/wp-json\/wp\/v2\/posts\/6094","targetHints":{"allow":["GET"]}}],"collection":[{"href":"https:\/\/www.tucomarca.com\/wordpress\/segunda\/wp-json\/wp\/v2\/posts"}],"about":[{"href":"https:\/\/www.tucomarca.com\/wordpress\/segunda\/wp-json\/wp\/v2\/types\/post"}],"author":[{"embeddable":true,"href":"https:\/\/www.tucomarca.com\/wordpress\/segunda\/wp-json\/wp\/v2\/users\/1"}],"replies":[{"embeddable":true,"href":"https:\/\/www.tucomarca.com\/wordpress\/segunda\/wp-json\/wp\/v2\/comments?post=6094"}],"version-history":[{"count":0,"href":"https:\/\/www.tucomarca.com\/wordpress\/segunda\/wp-json\/wp\/v2\/posts\/6094\/revisions"}],"wp:featuredmedia":[{"embeddable":true,"href":"https:\/\/www.tucomarca.com\/wordpress\/segunda\/wp-json\/wp\/v2\/media\/6096"}],"wp:attachment":[{"href":"https:\/\/www.tucomarca.com\/wordpress\/segunda\/wp-json\/wp\/v2\/media?parent=6094"}],"wp:term":[{"taxonomy":"category","embeddable":true,"href":"https:\/\/www.tucomarca.com\/wordpress\/segunda\/wp-json\/wp\/v2\/categories?post=6094"},{"taxonomy":"post_tag","embeddable":true,"href":"https:\/\/www.tucomarca.com\/wordpress\/segunda\/wp-json\/wp\/v2\/tags?post=6094"}],"curies":[{"name":"wp","href":"https:\/\/api.w.org\/{rel}","templated":true}]}}