{"id":6099,"date":"2012-08-02T21:30:41","date_gmt":"2012-08-02T19:30:41","guid":{"rendered":"http:\/\/www.tucomarca.com\/wordpress\/segunda\/?p=6099"},"modified":"2012-08-02T21:53:02","modified_gmt":"2012-08-02T19:53:02","slug":"rus-y-cabre-impulsan-un-nuevo-programa-de-becas-para-jovenes-licenciados-en-paro","status":"publish","type":"post","link":"https:\/\/www.tucomarca.com\/wordpress\/segunda\/rus-y-cabre-impulsan-un-nuevo-programa-de-becas-para-jovenes-licenciados-en-paro\/","title":{"rendered":"Rus y Cabr\u00e9 impulsan un nuevo programa de becas para j\u00f3venes licenciados en paro"},"content":{"rendered":"<figure id=\"attachment_6100\" aria-describedby=\"caption-attachment-6100\" style=\"width: 300px\" class=\"wp-caption alignleft\"><a href=\"https:\/\/www.tucomarca.com\/wordpress\/segunda\/wp-content\/uploads\/2012\/08\/convenio.jpg\"><img loading=\"lazy\" decoding=\"async\" class=\"size-medium wp-image-6100\" title=\"convenio\" src=\"https:\/\/www.tucomarca.com\/wordpress\/segunda\/wp-content\/uploads\/2012\/08\/convenio-300x194.jpg\" alt=\"Imagen de la firma del convenio en la Diputaci\u00f3n.\" width=\"300\" height=\"194\" \/><\/a><figcaption id=\"caption-attachment-6100\" class=\"wp-caption-text\">Imagen de la firma del convenio en la Diputaci\u00f3n.<\/figcaption><\/figure>\n<p>El presidente de la corporaci\u00f3n provincial, Alfonso Rus, y el conseller de Justicia y Bienestar Social, Jorge Cabr\u00e9, como presidente del IVAJ.GVA JOVE, han suscrito hoy el convenio de colaboraci\u00f3n entre ambas instituciones que pone en marcha el proyecto.Al acto han asistido tambi\u00e9n el diputado de la Central de Compras de la Diputaci\u00f3n, Vicente Ibor, servicio que gestionar\u00e1 el programa, y el director general del IVAJ, Marcos Sanchis.<\/p>\n<p>El programa, al que se ha destinado un presupuesto de 240.000 euros, permitir\u00e1 que un total de 154 j\u00f3venes de 102 municipios de la provincia consiga una beca de trabajo por un periodo de tres meses y una remuneraci\u00f3n total de 1.500 euros brutos.<\/p>\n<p>Podr\u00e1n optar a las becas los j\u00f3venes titulados menores de 30 a\u00f1os en situaci\u00f3n de desempleo de aquellas localidades que cuenten con un Centro de Informaci\u00f3n Juvenil (CIJ) homologado o una Oficina Comarcal del IVAJ.GVA Jove, a las que la Diputaci\u00f3n conceder\u00e1 la subvenci\u00f3n destinada a financiar las becas correspondientes.Las becas se desarrollar\u00e1n entre septiembre, octubre y noviembre de 2012 y cada municipio ofertar\u00e1 una cantidad, en funci\u00f3n de su poblaci\u00f3n.<\/p>\n<p>As\u00ed, se conceder\u00e1 una beca por cada localidad menor de 15.000 habitantes; dos becas en cada poblaci\u00f3n de entre 15.001 y 30.000 habitantes; y tres becas en los municipios de m\u00e1s de 30.000 habitantes.<\/p>\n<p>La Diputaci\u00f3n de Valencia realizar\u00e1 una convocatoria p\u00fablica de las ayudas y del procedimiento a seguir por parte de los municipios para poder ofertar las becas a su poblaci\u00f3n, que requerir\u00e1, entre otras cuestiones, la presentaci\u00f3n de un proyecto de participaci\u00f3n y promoci\u00f3n de la juventud en el \u00e1mbito local correspondiente, que ser\u00e1 valorado por el IVAJ antes de la adjudicaci\u00f3n de las subvenciones.<\/p>\n<p>El programa para j\u00f3venes desempleados ampl\u00eda el sector poblacional de los estudiantes sobre el que la Diputaci\u00f3n ha actuado hasta la fecha con la oferta de becas de pr\u00e1cticas formativas en los ayuntamientos, para intentar ampliar sus oportunidades laborales actuales.<\/p>\n","protected":false},"excerpt":{"rendered":"<div class=\"mh-excerpt\">El presidente de la corporaci\u00f3n provincial, Alfonso Rus, y el conseller de Justicia y Bienestar Social, Jorge Cabr\u00e9, como presidente del IVAJ.GVA JOVE, han suscrito hoy el convenio de colaboraci\u00f3n entre ambas instituciones que pone <a class=\"mh-excerpt-more\" href=\"https:\/\/www.tucomarca.com\/wordpress\/segunda\/rus-y-cabre-impulsan-un-nuevo-programa-de-becas-para-jovenes-licenciados-en-paro\/\" title=\"Rus y Cabr\u00e9 impulsan un nuevo programa de becas para j\u00f3venes licenciados en paro\">[+] <\/a><\/div>\n","protected":false},"author":1,"featured_media":6100,"comment_status":"open","ping_status":"open","sticky":false,"template":"","format":"standard","meta":{"footnotes":""},"categories":[8,72,3,45],"tags":[],"class_list":{"0":"post-6099","1":"post","2":"type-post","3":"status-publish","4":"format-standard","5":"has-post-thumbnail","7":"category-la-comarca","8":"category-sin-categorizar","9":"category-seccion","10":"category-ventana"},"_links":{"self":[{"href":"https:\/\/www.tucomarca.com\/wordpress\/segunda\/wp-json\/wp\/v2\/posts\/6099","targetHints":{"allow":["GET"]}}],"collection":[{"href":"https:\/\/www.tucomarca.com\/wordpress\/segunda\/wp-json\/wp\/v2\/posts"}],"about":[{"href":"https:\/\/www.tucomarca.com\/wordpress\/segunda\/wp-json\/wp\/v2\/types\/post"}],"author":[{"embeddable":true,"href":"https:\/\/www.tucomarca.com\/wordpress\/segunda\/wp-json\/wp\/v2\/users\/1"}],"replies":[{"embeddable":true,"href":"https:\/\/www.tucomarca.com\/wordpress\/segunda\/wp-json\/wp\/v2\/comments?post=6099"}],"version-history":[{"count":0,"href":"https:\/\/www.tucomarca.com\/wordpress\/segunda\/wp-json\/wp\/v2\/posts\/6099\/revisions"}],"wp:featuredmedia":[{"embeddable":true,"href":"https:\/\/www.tucomarca.com\/wordpress\/segunda\/wp-json\/wp\/v2\/media\/6100"}],"wp:attachment":[{"href":"https:\/\/www.tucomarca.com\/wordpress\/segunda\/wp-json\/wp\/v2\/media?parent=6099"}],"wp:term":[{"taxonomy":"category","embeddable":true,"href":"https:\/\/www.tucomarca.com\/wordpress\/segunda\/wp-json\/wp\/v2\/categories?post=6099"},{"taxonomy":"post_tag","embeddable":true,"href":"https:\/\/www.tucomarca.com\/wordpress\/segunda\/wp-json\/wp\/v2\/tags?post=6099"}],"curies":[{"name":"wp","href":"https:\/\/api.w.org\/{rel}","templated":true}]}}