{"id":61010,"date":"2017-10-16T17:55:31","date_gmt":"2017-10-16T15:55:31","guid":{"rendered":"http:\/\/www.tucomarca.com\/wordpress\/segunda\/?p=61010"},"modified":"2017-10-16T17:55:31","modified_gmt":"2017-10-16T15:55:31","slug":"la-unio-de-llauradors-insiste-en-que-aun-queda-mucho-por-hacer-para-vencer-la-brecha-de-genero-en-el-medio-rural-de-la-comunitat-valenciana","status":"publish","type":"post","link":"https:\/\/www.tucomarca.com\/wordpress\/segunda\/la-unio-de-llauradors-insiste-en-que-aun-queda-mucho-por-hacer-para-vencer-la-brecha-de-genero-en-el-medio-rural-de-la-comunitat-valenciana\/","title":{"rendered":"La Uni\u00f3 de Llauradors insiste en que a\u00fan queda mucho por hacer para vencer la brecha de g\u00e9nero en el medio rural de la Comunitat Valenciana"},"content":{"rendered":"<figure id=\"attachment_61011\" aria-describedby=\"caption-attachment-61011\" style=\"width: 1600px\" class=\"wp-caption alignleft\"><img loading=\"lazy\" decoding=\"async\" class=\"size-full wp-image-61011\" src=\"https:\/\/www.tucomarca.com\/wordpress\/segunda\/wp-content\/uploads\/2017\/10\/LaUniodones.jpg\" alt=\"Desde el \u00e1rea de la mujer de La Uni\u00f3 creen que urge una revisi\u00f3n para adaptarla a la realidad social y econ\u00f3mica del momento.\" width=\"1600\" height=\"1200\" srcset=\"https:\/\/www.tucomarca.com\/wordpress\/segunda\/wp-content\/uploads\/2017\/10\/LaUniodones.jpg 1600w, https:\/\/www.tucomarca.com\/wordpress\/segunda\/wp-content\/uploads\/2017\/10\/LaUniodones-300x225.jpg 300w, https:\/\/www.tucomarca.com\/wordpress\/segunda\/wp-content\/uploads\/2017\/10\/LaUniodones-768x576.jpg 768w, https:\/\/www.tucomarca.com\/wordpress\/segunda\/wp-content\/uploads\/2017\/10\/LaUniodones-1024x768.jpg 1024w\" sizes=\"auto, (max-width: 1600px) 100vw, 1600px\" \/><figcaption id=\"caption-attachment-61011\" class=\"wp-caption-text\">Desde el \u00e1rea de la mujer de La Uni\u00f3 creen que urge una revisi\u00f3n para adaptarla a la realidad social y econ\u00f3mica del momento.<\/figcaption><\/figure>\n<p>El \u00e1rea de la mujer de LA UNI\u00d3 de Llauradors, insiste en que a\u00fan queda mucho por hacer para vencer la brecha de g\u00e9nero en el medio rural de la Comunitat Valenciana y por ello reclama, en el D\u00eda de la Mujer Rural, mayores pol\u00edticas y esfuerzos por parte de las Administraciones para reducir ese desequilibrio. Debe haber ya una igualdad real.<\/p>\n<p>Seg\u00fan el informe de ONU Mujeres, s\u00f3lo el 20% de las mujeres en el mundo son titulares de explotaciones\/actividades de econom\u00eda productiva agraria. En Espa\u00f1a, m\u00e1s del 70% de los titulares de explotaciones agrarias son hombres, lo que demuestra que la ley de titularidad compartida, que fue pionera en 2011 del reconocimiento de los derechos de las mujeres, no ha tenido la acogida esperada.<\/p>\n<p>LA UNI\u00d3 quiere reivindicar e insistir sobre el importante rol que desarrolla la mujer en las zonas rurales y la necesidad de contar con herramientas y medidas eficientes para su promoci\u00f3n y visibilizaci\u00f3n, que no queden en papel mojado y vayan encaminadas hacia una transformaci\u00f3n transversal, en todos los \u00e1mbitos.<\/p>\n<p>Esta Ley nace con una clara perspectiva de g\u00e9nero para visualizar y dar efectividad al trabajo de la mujer en las tareas agr\u00edcolas con su c\u00f3nyuge o pareja de hecho, pero la burocracia que lleva consigo y la desinformaci\u00f3n de muchas de las administraciones a las que les compete, hace casi imposible su buena puesta en pr\u00e1ctica. Todo indica que el impulso iniciador de ley que hab\u00eda generado expectativas deseadas debido a varias circunstancias (cuestiones econ\u00f3micas, pol\u00edticas\u2026) no se han cumplido.<\/p>\n<p>Por ello, desde el \u00e1rea de la mujer de LA UNI\u00d3 creemos que urge una revisi\u00f3n para adaptarla a la realidad social y econ\u00f3mica del momento. Se ha trasladado a la Direcci\u00f3n General del Instituto Valenciano de las Mujeres y por la Igualdad de G\u00e9nero la inquietud y el trabajo que se est\u00e1 realizando, con la intenci\u00f3n de que haya una colaboraci\u00f3n seria para que esta Ley sea efectiva. Ya se reclam\u00f3 hace dos a\u00f1os avanzar en la puesta en marcha de un decreto auton\u00f3mico sobre la Ley de Titularidad Compartida.<\/p>\n<p>LA UNI\u00d3 tambi\u00e9n est\u00e1 trabajando en un an\u00e1lisis de las necesidades de las mujeres del \u00e1mbito rural en cuanto a la promoci\u00f3n de su plena inclusi\u00f3n en igualdad, y con especial atenci\u00f3n a la detecci\u00f3n, atenci\u00f3n y coordinaci\u00f3n de la violencia de g\u00e9nero que se da en dicho \u00e1mbito as\u00ed como su prevenci\u00f3n. En el mundo rural no existe concienciaci\u00f3n de la denuncia.<\/p>\n","protected":false},"excerpt":{"rendered":"<div class=\"mh-excerpt\">El \u00e1rea de la mujer de LA UNI\u00d3 de Llauradors, insiste en que a\u00fan queda mucho por hacer para vencer la brecha de g\u00e9nero en el medio rural de la Comunitat Valenciana y por ello <a class=\"mh-excerpt-more\" href=\"https:\/\/www.tucomarca.com\/wordpress\/segunda\/la-unio-de-llauradors-insiste-en-que-aun-queda-mucho-por-hacer-para-vencer-la-brecha-de-genero-en-el-medio-rural-de-la-comunitat-valenciana\/\" title=\"La Uni\u00f3 de Llauradors insiste en que a\u00fan queda mucho por hacer para vencer la brecha de g\u00e9nero en el medio rural de la Comunitat Valenciana\">[+] <\/a><\/div>\n","protected":false},"author":1,"featured_media":61011,"comment_status":"open","ping_status":"open","sticky":false,"template":"","format":"standard","meta":{"footnotes":""},"categories":[169,8,72,27,3,45],"tags":[85,5402],"class_list":{"0":"post-61010","1":"post","2":"type-post","3":"status-publish","4":"format-standard","5":"has-post-thumbnail","7":"category-agricultura-la-comarca","8":"category-la-comarca","9":"category-sin-categorizar","10":"category-requena-utiel","11":"category-seccion","12":"category-ventana","13":"tag-agricultura","14":"tag-unio-de-llauradors"},"_links":{"self":[{"href":"https:\/\/www.tucomarca.com\/wordpress\/segunda\/wp-json\/wp\/v2\/posts\/61010","targetHints":{"allow":["GET"]}}],"collection":[{"href":"https:\/\/www.tucomarca.com\/wordpress\/segunda\/wp-json\/wp\/v2\/posts"}],"about":[{"href":"https:\/\/www.tucomarca.com\/wordpress\/segunda\/wp-json\/wp\/v2\/types\/post"}],"author":[{"embeddable":true,"href":"https:\/\/www.tucomarca.com\/wordpress\/segunda\/wp-json\/wp\/v2\/users\/1"}],"replies":[{"embeddable":true,"href":"https:\/\/www.tucomarca.com\/wordpress\/segunda\/wp-json\/wp\/v2\/comments?post=61010"}],"version-history":[{"count":0,"href":"https:\/\/www.tucomarca.com\/wordpress\/segunda\/wp-json\/wp\/v2\/posts\/61010\/revisions"}],"wp:featuredmedia":[{"embeddable":true,"href":"https:\/\/www.tucomarca.com\/wordpress\/segunda\/wp-json\/wp\/v2\/media\/61011"}],"wp:attachment":[{"href":"https:\/\/www.tucomarca.com\/wordpress\/segunda\/wp-json\/wp\/v2\/media?parent=61010"}],"wp:term":[{"taxonomy":"category","embeddable":true,"href":"https:\/\/www.tucomarca.com\/wordpress\/segunda\/wp-json\/wp\/v2\/categories?post=61010"},{"taxonomy":"post_tag","embeddable":true,"href":"https:\/\/www.tucomarca.com\/wordpress\/segunda\/wp-json\/wp\/v2\/tags?post=61010"}],"curies":[{"name":"wp","href":"https:\/\/api.w.org\/{rel}","templated":true}]}}