{"id":6107,"date":"2012-08-02T21:28:55","date_gmt":"2012-08-02T19:28:55","guid":{"rendered":"http:\/\/www.tucomarca.com\/wordpress\/segunda\/?p=6107"},"modified":"2012-08-02T22:00:26","modified_gmt":"2012-08-02T20:00:26","slug":"el-ayuntamiento-de-cortes-de-pallas-construira-un-nuevo-hostal-municipal","status":"publish","type":"post","link":"https:\/\/www.tucomarca.com\/wordpress\/segunda\/el-ayuntamiento-de-cortes-de-pallas-construira-un-nuevo-hostal-municipal\/","title":{"rendered":"El Ayuntamiento de Cortes de Pall\u00e1s construir\u00e1 un nuevo hostal municipal"},"content":{"rendered":"<figure id=\"attachment_6108\" aria-describedby=\"caption-attachment-6108\" style=\"width: 300px\" class=\"wp-caption alignleft\"><a href=\"https:\/\/www.tucomarca.com\/wordpress\/segunda\/wp-content\/uploads\/2012\/08\/DSC08608.jpg\"><img loading=\"lazy\" decoding=\"async\" class=\"size-medium wp-image-6108\" title=\"SONY DSC\" src=\"https:\/\/www.tucomarca.com\/wordpress\/segunda\/wp-content\/uploads\/2012\/08\/DSC08608-300x199.jpg\" alt=\"El diputado de Turismo reunido con el alcalde de Cortes de Pall\u00e1s.\" width=\"300\" height=\"199\" \/><\/a><figcaption id=\"caption-attachment-6108\" class=\"wp-caption-text\">El diputado de Turismo reunido con el alcalde de Cortes de Pall\u00e1s.<\/figcaption><\/figure>\n<p>El Patronato Provincial de Turismo Val\u00e8ncia, Terra i Mar colaborar\u00e1 con el ayuntamiento de Cort\u00e9s de Pall\u00e0s en la creaci\u00f3n de un hostal-residencia para la poblaci\u00f3n.<\/p>\n<p>El alcalde de Cortes de Pall\u00e0s, Alberto S\u00e1ez, en la reuni\u00f3n mantenida esta ma\u00f1ana con el diputado de Turismo, Ernesto Sanju\u00e1n, expres\u00f3 la necesidad de aumentar las plazas de alojamiento del municipio, ya que hasta el momento no existe ning\u00fan establecimiento con m\u00e1s de 10 habitaciones.<\/p>\n<p>El nuevo hostal-residencia contar\u00e1 con una capacidad para 42 personas, aumentando en un 59% la oferta de alojamiento actual. El establecimiento, que ser\u00e1 de calidad media-alta, ir\u00e1 destinado tanto al turismo empresarial como al familiar.<\/p>\n<p>Ernesto Sanju\u00e1n se ha comprometido a colaborar el pr\u00f3ximo a\u00f1o 2013 con el ayuntamiento de Cortes de Pall\u00e1s \u201cy relanzar el turismo en este municipio castigado por el \u00faltimo incendio a trav\u00e9s de un convenio para dos a\u00f1os. Las llamas afectaron al 15% de los parajes de Cortes pero todav\u00eda queda mucho que ofrecer a los visitantes y desde la Diputaci\u00f3n vamos a colaborar con el ayuntamiento en la promoci\u00f3n y revitalizaci\u00f3n de Cortes de Pall\u00e1s\u201d.<\/p>\n<p>\u201cDesde el Patronato Provincial de Turismo queremos inyectar ilusi\u00f3n para que Cortes siga siendo un importante municipio tur\u00edstico y de a conocer sus parajes naturales, la reserva Natural de Caza Muela de Cortes, el r\u00edo J\u00facar y sus posibilidades tur\u00edsticas\u201d.<\/p>\n<p>Seg\u00fan Alberto S\u00e1ez, el alcalde de Cortes de Pall\u00e1s, \u201cla solicitud est\u00e1 encaminada en dos l\u00edneas. La primera consiste en la posibilidad de hacer una especie de peque\u00f1o hotel para poder dormir en nuestro pueblo. Por otro lado, hemos solicitado algo que es muy importante para nosotros, necesitamos medidas relacionadas con el turismo para la zona de Cortes de Pall\u00e1s devastada por los incendios, para potenciarla y que la gente pueda venir a ver nuestro pueblo, que a\u00fan hay mucho por ver, y la ayuda de la Diputaci\u00f3n es imprescindible para tomar este tipo de medidas\u201d.<\/p>\n","protected":false},"excerpt":{"rendered":"<div class=\"mh-excerpt\">El Patronato Provincial de Turismo Val\u00e8ncia, Terra i Mar colaborar\u00e1 con el ayuntamiento de Cort\u00e9s de Pall\u00e0s en la creaci\u00f3n de un hostal-residencia para la poblaci\u00f3n. El alcalde de Cortes de Pall\u00e0s, Alberto S\u00e1ez, en <a class=\"mh-excerpt-more\" href=\"https:\/\/www.tucomarca.com\/wordpress\/segunda\/el-ayuntamiento-de-cortes-de-pallas-construira-un-nuevo-hostal-municipal\/\" title=\"El Ayuntamiento de Cortes de Pall\u00e1s construir\u00e1 un nuevo hostal municipal\">[+] <\/a><\/div>\n","protected":false},"author":1,"featured_media":6108,"comment_status":"open","ping_status":"open","sticky":false,"template":"","format":"standard","meta":{"footnotes":""},"categories":[38,40,128,8,3,45],"tags":[],"class_list":{"0":"post-6107","1":"post","2":"type-post","3":"status-publish","4":"format-standard","5":"has-post-thumbnail","7":"category-ayora-cofrentes","8":"category-cortes-de-pallas","9":"category-infraestructuras","10":"category-la-comarca","11":"category-seccion","12":"category-ventana"},"_links":{"self":[{"href":"https:\/\/www.tucomarca.com\/wordpress\/segunda\/wp-json\/wp\/v2\/posts\/6107","targetHints":{"allow":["GET"]}}],"collection":[{"href":"https:\/\/www.tucomarca.com\/wordpress\/segunda\/wp-json\/wp\/v2\/posts"}],"about":[{"href":"https:\/\/www.tucomarca.com\/wordpress\/segunda\/wp-json\/wp\/v2\/types\/post"}],"author":[{"embeddable":true,"href":"https:\/\/www.tucomarca.com\/wordpress\/segunda\/wp-json\/wp\/v2\/users\/1"}],"replies":[{"embeddable":true,"href":"https:\/\/www.tucomarca.com\/wordpress\/segunda\/wp-json\/wp\/v2\/comments?post=6107"}],"version-history":[{"count":0,"href":"https:\/\/www.tucomarca.com\/wordpress\/segunda\/wp-json\/wp\/v2\/posts\/6107\/revisions"}],"wp:featuredmedia":[{"embeddable":true,"href":"https:\/\/www.tucomarca.com\/wordpress\/segunda\/wp-json\/wp\/v2\/media\/6108"}],"wp:attachment":[{"href":"https:\/\/www.tucomarca.com\/wordpress\/segunda\/wp-json\/wp\/v2\/media?parent=6107"}],"wp:term":[{"taxonomy":"category","embeddable":true,"href":"https:\/\/www.tucomarca.com\/wordpress\/segunda\/wp-json\/wp\/v2\/categories?post=6107"},{"taxonomy":"post_tag","embeddable":true,"href":"https:\/\/www.tucomarca.com\/wordpress\/segunda\/wp-json\/wp\/v2\/tags?post=6107"}],"curies":[{"name":"wp","href":"https:\/\/api.w.org\/{rel}","templated":true}]}}