{"id":61110,"date":"2017-10-18T14:30:18","date_gmt":"2017-10-18T12:30:18","guid":{"rendered":"http:\/\/www.tucomarca.com\/wordpress\/segunda\/?p=61110"},"modified":"2017-10-18T14:30:18","modified_gmt":"2017-10-18T12:30:18","slug":"la-brigada-realiza-tratamientos-de-control-de-plagas-reparaciones-y-tareas-de-limpieza-en-cheste","status":"publish","type":"post","link":"https:\/\/www.tucomarca.com\/wordpress\/segunda\/la-brigada-realiza-tratamientos-de-control-de-plagas-reparaciones-y-tareas-de-limpieza-en-cheste\/","title":{"rendered":"La brigada realiza tratamientos de control de plagas, reparaciones y tareas de limpieza en Cheste"},"content":{"rendered":"<div class=\"\">\n<figure id=\"attachment_61111\" aria-describedby=\"caption-attachment-61111\" style=\"width: 433px\" class=\"wp-caption alignleft\"><img loading=\"lazy\" decoding=\"async\" class=\" wp-image-61111\" src=\"https:\/\/www.tucomarca.com\/wordpress\/segunda\/wp-content\/uploads\/2017\/10\/Chestelimpieza.jpg\" alt=\"Con motivo de la celebraci\u00f3n de las Fiestas de la Vendimia, la brigada ha realizado un trabajo extraordinario de limpieza y acondicionamiento de las calles.\" width=\"433\" height=\"325\" srcset=\"https:\/\/www.tucomarca.com\/wordpress\/segunda\/wp-content\/uploads\/2017\/10\/Chestelimpieza.jpg 1024w, https:\/\/www.tucomarca.com\/wordpress\/segunda\/wp-content\/uploads\/2017\/10\/Chestelimpieza-300x225.jpg 300w, https:\/\/www.tucomarca.com\/wordpress\/segunda\/wp-content\/uploads\/2017\/10\/Chestelimpieza-768x576.jpg 768w\" sizes=\"auto, (max-width: 433px) 100vw, 433px\" \/><figcaption id=\"caption-attachment-61111\" class=\"wp-caption-text\">Con motivo de la celebraci\u00f3n de las Fiestas de la Vendimia, la brigada ha realizado un trabajo extraordinario de limpieza y acondicionamiento de las calles.<\/figcaption><\/figure>\n<p><span class=\"\">Durante las \u00faltimas semanas, la brigada municipal de Obras y Servicios, a cargo de la concejal\u00eda que dirige Jos\u00e9 Vicente Guijarro, ha llevado a cabo un intenso trabajo realizando tratamientos de control de plagas, reparaciones en las calles y limpieza del municipio. En los pr\u00f3ximos d\u00edas se retomar\u00e1n las tareas de poda, bacheado y se\u00f1alizaci\u00f3n de pasos de peatones, entre otras. \u201cDurante las fiestas hemos tenido que concentrar el personal de la brigada en el desarrollo de los actos, pero esperamos recuperar la normalidad cuanto antes para poder retomar las tareas pendientes\u201d, se\u00f1ala Guijarro.<\/span><\/div>\n<div class=\"\"><\/div>\n<div class=\"\"><span class=\"\"><b class=\"\">Control de plagas<\/b><\/span><\/div>\n<div class=\"\"><\/div>\n<div class=\"\"><span class=\"\">Desde el pasado 6 de octubre, se han<b class=\"\"><i class=\"\">\u00a0<\/i><\/b>llevado a cabo tratamientos de control de plagas para las ara\u00f1as y el\u00a0<i class=\"\">aedes albopictus,\u00a0<\/i>conocido como<i class=\"\">\u00a0<\/i>mosquito tigre. Las calles Clara Campoamor, Pablo Neruda, Renacimiento y Victoria Kent han sido tratadas contra la ara\u00f1a en una primera fase.\u00a0 El 10 de octubre se aplicaron los plaguicidas para el mosquito tigre en el colegio Giner de Los R\u00edos y en las calles Federico Garc\u00eda Lorca, Madre Petra, Acequias, Antonia Donderis, Chiva, Godelleta, Blasco Ib\u00e1\u00f1ez, Doctor Fleming y en la plaza de la Constituci\u00f3n. \u201cCon las altas temperaturas que tenemos para esta \u00e9poca del a\u00f1o, todav\u00eda seguimos teniendo mucha presencia de mosquitos, por eso siguen siendo necesarios estos tratamientos\u201d explica Guijarro. Tambi\u00e9n se han desratizado los cuadros el\u00e9ctricos de la red p\u00fablica del municipio y de los pol\u00edgonos Castilla y Pino Blay.<\/span><\/div>\n<div class=\"\"><\/div>\n<div class=\"\"><span class=\"\"><b class=\"\">Reparaciones<\/b><\/span><\/div>\n<div class=\"\"><\/div>\n<div class=\"\"><span class=\"\">La concejal\u00eda de Servicios tambi\u00e9n ha arreglando, durante estos \u00faltimos d\u00edas, las trapas de algunas arquetas en mal estado de la zona de la IMES y el paseo Anselmo Balaguer y, en algunos casos, las ha sustituido por otras nuevas.<\/span><\/div>\n<div class=\"\"><\/div>\n<div class=\"\"><span class=\"\"><b class=\"\">Limpieza<\/b><\/span><\/div>\n<div class=\"\"><\/div>\n<div class=\"\"><span class=\"\">Con motivo de la celebraci\u00f3n de las Fiestas de la Vendimia, la brigada ha realizado un trabajo extraordinario de limpieza y acondicionamiento de las calles, haciendo baldeo y desinfecci\u00f3n en los casos necesarios. Una de las zonas que ha requerido una limpieza m\u00e1s intensa, tras la celebraci\u00f3n de las paellas, ha sido la plaza II Rep\u00fablica y las calles Maestro Luis Ad\u00e1n y Alcalde Ovejero. Al d\u00eda siguiente del concurso de disfraces, la brigada limpi\u00f3 la avenida Vicente Navarro y desmont\u00f3 el escenario de la verbena para poder abrirla al tr\u00e1fico. En la calle San Vicente y en la plaza Doctor Cajal tambi\u00e9n ha sido necesario limpiar profundamente despu\u00e9s de la celebraci\u00f3n de los festejos taurinos.<\/span><\/div>\n","protected":false},"excerpt":{"rendered":"<div class=\"mh-excerpt\">Durante las \u00faltimas semanas, la brigada municipal de Obras y Servicios, a cargo de la concejal\u00eda que dirige Jos\u00e9 Vicente Guijarro, ha llevado a cabo un intenso trabajo realizando tratamientos de control de plagas, reparaciones <a class=\"mh-excerpt-more\" href=\"https:\/\/www.tucomarca.com\/wordpress\/segunda\/la-brigada-realiza-tratamientos-de-control-de-plagas-reparaciones-y-tareas-de-limpieza-en-cheste\/\" title=\"La brigada realiza tratamientos de control de plagas, reparaciones y tareas de limpieza en Cheste\">[+] <\/a><\/div>\n","protected":false},"author":1,"featured_media":61111,"comment_status":"open","ping_status":"open","sticky":false,"template":"","format":"standard","meta":{"footnotes":""},"categories":[17,128,8,10,142,3,45],"tags":[339,5952],"class_list":{"0":"post-61110","1":"post","2":"type-post","3":"status-publish","4":"format-standard","5":"has-post-thumbnail","7":"category-cheste","8":"category-infraestructuras","9":"category-la-comarca","10":"category-la-hoya","11":"category-politica-la-comarca","12":"category-seccion","13":"category-ventana","14":"tag-cheste-2","15":"tag-la-hoya-de-bunol-chiva"},"_links":{"self":[{"href":"https:\/\/www.tucomarca.com\/wordpress\/segunda\/wp-json\/wp\/v2\/posts\/61110","targetHints":{"allow":["GET"]}}],"collection":[{"href":"https:\/\/www.tucomarca.com\/wordpress\/segunda\/wp-json\/wp\/v2\/posts"}],"about":[{"href":"https:\/\/www.tucomarca.com\/wordpress\/segunda\/wp-json\/wp\/v2\/types\/post"}],"author":[{"embeddable":true,"href":"https:\/\/www.tucomarca.com\/wordpress\/segunda\/wp-json\/wp\/v2\/users\/1"}],"replies":[{"embeddable":true,"href":"https:\/\/www.tucomarca.com\/wordpress\/segunda\/wp-json\/wp\/v2\/comments?post=61110"}],"version-history":[{"count":0,"href":"https:\/\/www.tucomarca.com\/wordpress\/segunda\/wp-json\/wp\/v2\/posts\/61110\/revisions"}],"wp:featuredmedia":[{"embeddable":true,"href":"https:\/\/www.tucomarca.com\/wordpress\/segunda\/wp-json\/wp\/v2\/media\/61111"}],"wp:attachment":[{"href":"https:\/\/www.tucomarca.com\/wordpress\/segunda\/wp-json\/wp\/v2\/media?parent=61110"}],"wp:term":[{"taxonomy":"category","embeddable":true,"href":"https:\/\/www.tucomarca.com\/wordpress\/segunda\/wp-json\/wp\/v2\/categories?post=61110"},{"taxonomy":"post_tag","embeddable":true,"href":"https:\/\/www.tucomarca.com\/wordpress\/segunda\/wp-json\/wp\/v2\/tags?post=61110"}],"curies":[{"name":"wp","href":"https:\/\/api.w.org\/{rel}","templated":true}]}}