{"id":61119,"date":"2017-10-18T16:49:34","date_gmt":"2017-10-18T14:49:34","guid":{"rendered":"http:\/\/www.tucomarca.com\/wordpress\/segunda\/?p=61119"},"modified":"2017-10-18T16:49:34","modified_gmt":"2017-10-18T14:49:34","slug":"video-entrevista-vi-bienal-de-artes-plasticas-y-ii-festival-de-par-en-part-de-bunol","status":"publish","type":"post","link":"https:\/\/www.tucomarca.com\/wordpress\/segunda\/video-entrevista-vi-bienal-de-artes-plasticas-y-ii-festival-de-par-en-part-de-bunol\/","title":{"rendered":"V\u00eddeo entrevista: VI Bienal de Artes Pl\u00e1sticas y II Festival \u00abDe par en part\u00bb de Bu\u00f1ol"},"content":{"rendered":"<p>V\u00eddeo entrevista realizada por <strong>tucomarca.com<\/strong> sobre la sexta Bienal de Artes Pl\u00e1sticas de Bu\u00f1ol y el segundo Festival \u00abDe par en part\u00bb al concejal de Cultura del Ayuntamiento de la localidad, Arnaldo Carrascosa; junto a las directoras de \u00abDe par en part\u00bb, Marta Guillem y Arantxa Bonillo.<\/p>\n","protected":false},"excerpt":{"rendered":"<div class=\"mh-excerpt\">V\u00eddeo entrevista realizada por tucomarca.com sobre la sexta Bienal de Artes Pl\u00e1sticas de Bu\u00f1ol y el segundo Festival \u00abDe par en part\u00bb al concejal de Cultura del Ayuntamiento de la localidad, Arnaldo Carrascosa; junto a <a class=\"mh-excerpt-more\" href=\"https:\/\/www.tucomarca.com\/wordpress\/segunda\/video-entrevista-vi-bienal-de-artes-plasticas-y-ii-festival-de-par-en-part-de-bunol\/\" title=\"V\u00eddeo entrevista: VI Bienal de Artes Pl\u00e1sticas y II Festival \u00abDe par en part\u00bb de Bu\u00f1ol\">[+] <\/a><\/div>\n","protected":false},"author":1,"featured_media":61121,"comment_status":"open","ping_status":"open","sticky":false,"template":"","format":"standard","meta":{"footnotes":""},"categories":[18,8,72,10,7,92,3,45,26],"tags":[10644,456,10640,5952],"class_list":{"0":"post-61119","1":"post","2":"type-post","3":"status-publish","4":"format-standard","5":"has-post-thumbnail","7":"category-bunol","8":"category-la-comarca","9":"category-sin-categorizar","10":"category-la-hoya","11":"category-ocio-y-cultura","12":"category-pintura","13":"category-seccion","14":"category-ventana","15":"category-video","16":"tag-bienal-de-artes-plasticas","17":"tag-cultura","18":"tag-de-par-en-part","19":"tag-la-hoya-de-bunol-chiva"},"_links":{"self":[{"href":"https:\/\/www.tucomarca.com\/wordpress\/segunda\/wp-json\/wp\/v2\/posts\/61119","targetHints":{"allow":["GET"]}}],"collection":[{"href":"https:\/\/www.tucomarca.com\/wordpress\/segunda\/wp-json\/wp\/v2\/posts"}],"about":[{"href":"https:\/\/www.tucomarca.com\/wordpress\/segunda\/wp-json\/wp\/v2\/types\/post"}],"author":[{"embeddable":true,"href":"https:\/\/www.tucomarca.com\/wordpress\/segunda\/wp-json\/wp\/v2\/users\/1"}],"replies":[{"embeddable":true,"href":"https:\/\/www.tucomarca.com\/wordpress\/segunda\/wp-json\/wp\/v2\/comments?post=61119"}],"version-history":[{"count":0,"href":"https:\/\/www.tucomarca.com\/wordpress\/segunda\/wp-json\/wp\/v2\/posts\/61119\/revisions"}],"wp:featuredmedia":[{"embeddable":true,"href":"https:\/\/www.tucomarca.com\/wordpress\/segunda\/wp-json\/wp\/v2\/media\/61121"}],"wp:attachment":[{"href":"https:\/\/www.tucomarca.com\/wordpress\/segunda\/wp-json\/wp\/v2\/media?parent=61119"}],"wp:term":[{"taxonomy":"category","embeddable":true,"href":"https:\/\/www.tucomarca.com\/wordpress\/segunda\/wp-json\/wp\/v2\/categories?post=61119"},{"taxonomy":"post_tag","embeddable":true,"href":"https:\/\/www.tucomarca.com\/wordpress\/segunda\/wp-json\/wp\/v2\/tags?post=61119"}],"curies":[{"name":"wp","href":"https:\/\/api.w.org\/{rel}","templated":true}]}}