{"id":6117,"date":"2012-08-03T15:05:56","date_gmt":"2012-08-03T13:05:56","guid":{"rendered":"http:\/\/www.tucomarca.com\/wordpress\/segunda\/?p=6117"},"modified":"2012-08-03T15:07:13","modified_gmt":"2012-08-03T13:07:13","slug":"la-%c2%ablira%c2%bb-de-titaguas-presenta-su-cd-titulado-seleccion-de-pasodobles","status":"publish","type":"post","link":"https:\/\/www.tucomarca.com\/wordpress\/segunda\/la-%c2%ablira%c2%bb-de-titaguas-presenta-su-cd-titulado-seleccion-de-pasodobles\/","title":{"rendered":"La \u00abLira\u00bb de Titaguas presenta su CD titulado Selecci\u00f3n de Pasodobles"},"content":{"rendered":"<figure id=\"attachment_6118\" aria-describedby=\"caption-attachment-6118\" style=\"width: 300px\" class=\"wp-caption alignleft\"><a href=\"https:\/\/www.tucomarca.com\/wordpress\/segunda\/wp-content\/uploads\/2012\/08\/Titaguasenelpalau.jpg\"><img loading=\"lazy\" decoding=\"async\" class=\"size-medium wp-image-6118\" title=\"Titaguasenelpalau\" src=\"https:\/\/www.tucomarca.com\/wordpress\/segunda\/wp-content\/uploads\/2012\/08\/Titaguasenelpalau-300x200.jpg\" alt=\"La banda de Titagua durante una actuaci\u00f3n en el Palau.\" width=\"300\" height=\"200\" \/><\/a><figcaption id=\"caption-attachment-6118\" class=\"wp-caption-text\">La banda de Titagua durante una actuaci\u00f3n en el Palau.<\/figcaption><\/figure>\n<p>El pr\u00f3ximo domingo d\u00eda 5 de agosto a las 13,30 horas tendr\u00e1 lugar la presentaci\u00f3n del CD en el Centro Social de Titaguas, grabado el  pasado mes de junio por la Sociedad Musical La Lira de Titaguas, bajo  la direcci\u00f3n de Mikael Celda Gonz\u00e1lez y junto con Fernando Brunet como  ingeniero de sonido, este trabajo discogr\u00e1fico que lleva por t\u00edtulo <em>Selecci\u00f3n de Pasodobles<\/em>.<\/p>\n<p><span> El repertorio elegido para la grabaci\u00f3n incluye, tal y como refleja el  titular del CD, una selecci\u00f3n de pasodobles que de una forma u otra, han  sido y son especiales para nuestra banda.<\/span><\/p>\n<p><span>Destacan del trabajo, los tres primeros pasodobles. El primero, titulado  La Lira a Titaguas, que fue  compuesto por Salvador Chuli\u00e1 Hern\u00e1ndez en el a\u00f1o 1990 y en  conmemoraci\u00f3n del 150 aniversario de nuestra banda. Los dos siguientes  que llevan por t\u00edtulo Villa de Titaguas y Colonia Titag\u00fcense Rojas Clemente, han sido compuestos respectivamente por dos grandes y queridos m\u00fasicos de la banda, Miguel Polo y Javier Monle\u00f3n.<br \/>\n<\/span><\/p>\n","protected":false},"excerpt":{"rendered":"<div class=\"mh-excerpt\">El pr\u00f3ximo domingo d\u00eda 5 de agosto a las 13,30 horas tendr\u00e1 lugar la presentaci\u00f3n del CD en el Centro Social de Titaguas, grabado el pasado mes de junio por la Sociedad Musical La Lira <a class=\"mh-excerpt-more\" href=\"https:\/\/www.tucomarca.com\/wordpress\/segunda\/la-%c2%ablira%c2%bb-de-titaguas-presenta-su-cd-titulado-seleccion-de-pasodobles\/\" title=\"La \u00abLira\u00bb de Titaguas presenta su CD titulado Selecci\u00f3n de Pasodobles\">[+] <\/a><\/div>\n","protected":false},"author":1,"featured_media":6118,"comment_status":"open","ping_status":"open","sticky":false,"template":"","format":"standard","meta":{"footnotes":""},"categories":[66,59,3,189,45],"tags":[],"class_list":{"0":"post-6117","1":"post","2":"type-post","3":"status-publish","4":"format-standard","5":"has-post-thumbnail","7":"category-musica","8":"category-los-serranos","9":"category-seccion","10":"category-titaguas","11":"category-ventana"},"_links":{"self":[{"href":"https:\/\/www.tucomarca.com\/wordpress\/segunda\/wp-json\/wp\/v2\/posts\/6117","targetHints":{"allow":["GET"]}}],"collection":[{"href":"https:\/\/www.tucomarca.com\/wordpress\/segunda\/wp-json\/wp\/v2\/posts"}],"about":[{"href":"https:\/\/www.tucomarca.com\/wordpress\/segunda\/wp-json\/wp\/v2\/types\/post"}],"author":[{"embeddable":true,"href":"https:\/\/www.tucomarca.com\/wordpress\/segunda\/wp-json\/wp\/v2\/users\/1"}],"replies":[{"embeddable":true,"href":"https:\/\/www.tucomarca.com\/wordpress\/segunda\/wp-json\/wp\/v2\/comments?post=6117"}],"version-history":[{"count":0,"href":"https:\/\/www.tucomarca.com\/wordpress\/segunda\/wp-json\/wp\/v2\/posts\/6117\/revisions"}],"wp:featuredmedia":[{"embeddable":true,"href":"https:\/\/www.tucomarca.com\/wordpress\/segunda\/wp-json\/wp\/v2\/media\/6118"}],"wp:attachment":[{"href":"https:\/\/www.tucomarca.com\/wordpress\/segunda\/wp-json\/wp\/v2\/media?parent=6117"}],"wp:term":[{"taxonomy":"category","embeddable":true,"href":"https:\/\/www.tucomarca.com\/wordpress\/segunda\/wp-json\/wp\/v2\/categories?post=6117"},{"taxonomy":"post_tag","embeddable":true,"href":"https:\/\/www.tucomarca.com\/wordpress\/segunda\/wp-json\/wp\/v2\/tags?post=6117"}],"curies":[{"name":"wp","href":"https:\/\/api.w.org\/{rel}","templated":true}]}}