{"id":6129,"date":"2012-08-03T17:26:56","date_gmt":"2012-08-03T15:26:56","guid":{"rendered":"http:\/\/www.tucomarca.com\/wordpress\/segunda\/?p=6129"},"modified":"2012-08-04T13:04:05","modified_gmt":"2012-08-04T11:04:05","slug":"fallece-un-hombre-de-unos-70-anos-tras-volcar-con-un-tractor-en-alborache","status":"publish","type":"post","link":"https:\/\/www.tucomarca.com\/wordpress\/segunda\/fallece-un-hombre-de-unos-70-anos-tras-volcar-con-un-tractor-en-alborache\/","title":{"rendered":"Fallece un hombre de unos 70 a\u00f1os tras volcar con un tractor en Alborache"},"content":{"rendered":"<figure id=\"attachment_6141\" aria-describedby=\"caption-attachment-6141\" style=\"width: 300px\" class=\"wp-caption alignleft\"><a href=\"https:\/\/www.tucomarca.com\/wordpress\/segunda\/wp-content\/uploads\/2012\/08\/tractorturis.jpg\"><img loading=\"lazy\" decoding=\"async\" class=\"size-medium wp-image-6141\" title=\"tractorturis\" src=\"https:\/\/www.tucomarca.com\/wordpress\/segunda\/wp-content\/uploads\/2012\/08\/tractorturis-300x199.jpg\" alt=\"El tractor accidentado. Foto: Rafa Puchades.\" width=\"300\" height=\"199\" srcset=\"https:\/\/www.tucomarca.com\/wordpress\/segunda\/wp-content\/uploads\/2012\/08\/tractorturis-300x199.jpg 300w, https:\/\/www.tucomarca.com\/wordpress\/segunda\/wp-content\/uploads\/2012\/08\/tractorturis-1024x681.jpg 1024w\" sizes=\"auto, (max-width: 300px) 100vw, 300px\" \/><\/a><figcaption id=\"caption-attachment-6141\" class=\"wp-caption-text\">El tractor accidentado. Foto: Rafa Puchades.<\/figcaption><\/figure>\n<p>Un hombre de unos 70 a\u00f1os ha fallecido este  viernes tras volcar con el tractor que conduc\u00eda en t\u00e9rmino de Alborache, concretamente en la carretera que une esta localidad con Tur\u00eds, seg\u00fan han  informado el Consorcio de Bomberos de Valencia y el Centro de  Informaci\u00f3n y Coordinaci\u00f3n de Urgencias (CICU).<\/p>\n<p>Los bomberos han recibido un aviso que alertaba de lo ocurrido a  las 9.17 horas y han movilizado hasta el lugar del siniestro a efectivos  de los parques de Silla y al sargento de Torrent.<\/p>\n<p>Tambi\u00e9n se ha desplazado una unidad del Servicio de Ayuda M\u00e9dica  Urgente (SAMU), que no ha podido hacer nada por salvar la vida del  conductor, que hab\u00eda quedado atrapado en el veh\u00edculo.<\/p>\n","protected":false},"excerpt":{"rendered":"<div class=\"mh-excerpt\">Un hombre de unos 70 a\u00f1os ha fallecido este viernes tras volcar con el tractor que conduc\u00eda en t\u00e9rmino de Alborache, concretamente en la carretera que une esta localidad con Tur\u00eds, seg\u00fan han informado el <a class=\"mh-excerpt-more\" href=\"https:\/\/www.tucomarca.com\/wordpress\/segunda\/fallece-un-hombre-de-unos-70-anos-tras-volcar-con-un-tractor-en-alborache\/\" title=\"Fallece un hombre de unos 70 a\u00f1os tras volcar con un tractor en Alborache\">[+] <\/a><\/div>\n","protected":false},"author":1,"featured_media":6141,"comment_status":"open","ping_status":"open","sticky":false,"template":"","format":"standard","meta":{"footnotes":""},"categories":[19,8,10,3,116,45],"tags":[],"class_list":{"0":"post-6129","1":"post","2":"type-post","3":"status-publish","4":"format-standard","5":"has-post-thumbnail","7":"category-alborache","8":"category-la-comarca","9":"category-la-hoya","10":"category-seccion","11":"category-sucesos-la-comarca","12":"category-ventana"},"_links":{"self":[{"href":"https:\/\/www.tucomarca.com\/wordpress\/segunda\/wp-json\/wp\/v2\/posts\/6129","targetHints":{"allow":["GET"]}}],"collection":[{"href":"https:\/\/www.tucomarca.com\/wordpress\/segunda\/wp-json\/wp\/v2\/posts"}],"about":[{"href":"https:\/\/www.tucomarca.com\/wordpress\/segunda\/wp-json\/wp\/v2\/types\/post"}],"author":[{"embeddable":true,"href":"https:\/\/www.tucomarca.com\/wordpress\/segunda\/wp-json\/wp\/v2\/users\/1"}],"replies":[{"embeddable":true,"href":"https:\/\/www.tucomarca.com\/wordpress\/segunda\/wp-json\/wp\/v2\/comments?post=6129"}],"version-history":[{"count":0,"href":"https:\/\/www.tucomarca.com\/wordpress\/segunda\/wp-json\/wp\/v2\/posts\/6129\/revisions"}],"wp:featuredmedia":[{"embeddable":true,"href":"https:\/\/www.tucomarca.com\/wordpress\/segunda\/wp-json\/wp\/v2\/media\/6141"}],"wp:attachment":[{"href":"https:\/\/www.tucomarca.com\/wordpress\/segunda\/wp-json\/wp\/v2\/media?parent=6129"}],"wp:term":[{"taxonomy":"category","embeddable":true,"href":"https:\/\/www.tucomarca.com\/wordpress\/segunda\/wp-json\/wp\/v2\/categories?post=6129"},{"taxonomy":"post_tag","embeddable":true,"href":"https:\/\/www.tucomarca.com\/wordpress\/segunda\/wp-json\/wp\/v2\/tags?post=6129"}],"curies":[{"name":"wp","href":"https:\/\/api.w.org\/{rel}","templated":true}]}}