{"id":61306,"date":"2017-10-24T09:32:17","date_gmt":"2017-10-24T07:32:17","guid":{"rendered":"http:\/\/www.tucomarca.com\/wordpress\/segunda\/?p=61306"},"modified":"2017-10-24T09:32:17","modified_gmt":"2017-10-24T07:32:17","slug":"la-xxv-edicion-de-la-muestra-del-embutido-de-requena-ya-tiene-cartel-anunciador","status":"publish","type":"post","link":"https:\/\/www.tucomarca.com\/wordpress\/segunda\/la-xxv-edicion-de-la-muestra-del-embutido-de-requena-ya-tiene-cartel-anunciador\/","title":{"rendered":"La XXV edici\u00f3n de la Muestra del Embutido de Requena ya tiene cartel anunciador"},"content":{"rendered":"<figure id=\"attachment_61307\" aria-describedby=\"caption-attachment-61307\" style=\"width: 380px\" class=\"wp-caption alignleft\"><img loading=\"lazy\" decoding=\"async\" class=\" wp-image-61307\" src=\"https:\/\/www.tucomarca.com\/wordpress\/segunda\/wp-content\/uploads\/2017\/10\/embutido-2018.jpg\" alt=\"La obra ganadora la ha realizado Rub\u00e9n Lucas Garc\u00eda.\" width=\"380\" height=\"532\" srcset=\"https:\/\/www.tucomarca.com\/wordpress\/segunda\/wp-content\/uploads\/2017\/10\/embutido-2018.jpg 510w, https:\/\/www.tucomarca.com\/wordpress\/segunda\/wp-content\/uploads\/2017\/10\/embutido-2018-214x300.jpg 214w\" sizes=\"auto, (max-width: 380px) 100vw, 380px\" \/><figcaption id=\"caption-attachment-61307\" class=\"wp-caption-text\"><em>La obra ganadora la ha realizado Rub\u00e9n Lucas Garc\u00eda.<\/em><\/figcaption><\/figure>\n<p><b>Ha sido seleccionado por un jurado profesional de entre todos los presentados a concurso<\/b><\/p>\n<p>Ya se conoce el cartel ganador que anunciar\u00e1 la <b>XXV Muestra del Embutido Artesano y de Calidad de Requena.<\/b><\/p>\n<p>Este a\u00f1o las bases han variado y se ha pasado de una primera pre-selecci\u00f3n y posterior votaci\u00f3n popular, como se ven\u00eda realizando los pasados a\u00f1os, a que haya sido un <b>jurado especializado <\/b>quien se haya ocupado de la elecci\u00f3n del cartel ganador, bas\u00e1ndose en criterios t\u00e9cnicos.<\/p>\n<p>El jurado ha estado formado por M\u00aa Jos\u00e9 Mart\u00edn Mu\u00f1oz (Concejala de Cultura del Ayuntamiento de Requena), David Fern\u00e1ndez y Rosal\u00eda Gil-Orozco, artistas de reconocido prestigio en la ciudad de Requena.<\/p>\n<p>La obra ganadora la ha realizado Rub\u00e9n Lucas Garc\u00eda, de Torreaguera (Murcia), joven ilustrador y cartelista, profesional del dise\u00f1o gr\u00e1fico.<\/p>\n<p>En los \u00faltimos a\u00f1os ha participado en multitud de concursos de carteles donde result\u00f3 ganador o finalista de aproximadamente unos cincuenta de ellos.<\/p>\n<p>Rub\u00e9n Lucas Garc\u00eda obtiene as\u00ed un premio de 500 euros que se entregar\u00e1 durante la pr\u00f3xima Muestra del Embutido, a celebrar del 9 al 11 de febrero de 2018.<\/p>\n","protected":false},"excerpt":{"rendered":"<div class=\"mh-excerpt\">Ha sido seleccionado por un jurado profesional de entre todos los presentados a concurso Ya se conoce el cartel ganador que anunciar\u00e1 la XXV Muestra del Embutido Artesano y de Calidad de Requena. Este a\u00f1o <a class=\"mh-excerpt-more\" href=\"https:\/\/www.tucomarca.com\/wordpress\/segunda\/la-xxv-edicion-de-la-muestra-del-embutido-de-requena-ya-tiene-cartel-anunciador\/\" title=\"La XXV edici\u00f3n de la Muestra del Embutido de Requena ya tiene cartel anunciador\">[+] <\/a><\/div>\n","protected":false},"author":2,"featured_media":61307,"comment_status":"open","ping_status":"open","sticky":false,"template":"","format":"standard","meta":{"footnotes":""},"categories":[7,28,27,3],"tags":[2850,10649],"class_list":{"0":"post-61306","1":"post","2":"type-post","3":"status-publish","4":"format-standard","5":"has-post-thumbnail","7":"category-ocio-y-cultura","8":"category-requena","9":"category-requena-utiel","10":"category-seccion","11":"tag-ayuntamiento-de-requena","12":"tag-xxv-muestra-del-embutido-artesano"},"_links":{"self":[{"href":"https:\/\/www.tucomarca.com\/wordpress\/segunda\/wp-json\/wp\/v2\/posts\/61306","targetHints":{"allow":["GET"]}}],"collection":[{"href":"https:\/\/www.tucomarca.com\/wordpress\/segunda\/wp-json\/wp\/v2\/posts"}],"about":[{"href":"https:\/\/www.tucomarca.com\/wordpress\/segunda\/wp-json\/wp\/v2\/types\/post"}],"author":[{"embeddable":true,"href":"https:\/\/www.tucomarca.com\/wordpress\/segunda\/wp-json\/wp\/v2\/users\/2"}],"replies":[{"embeddable":true,"href":"https:\/\/www.tucomarca.com\/wordpress\/segunda\/wp-json\/wp\/v2\/comments?post=61306"}],"version-history":[{"count":0,"href":"https:\/\/www.tucomarca.com\/wordpress\/segunda\/wp-json\/wp\/v2\/posts\/61306\/revisions"}],"wp:featuredmedia":[{"embeddable":true,"href":"https:\/\/www.tucomarca.com\/wordpress\/segunda\/wp-json\/wp\/v2\/media\/61307"}],"wp:attachment":[{"href":"https:\/\/www.tucomarca.com\/wordpress\/segunda\/wp-json\/wp\/v2\/media?parent=61306"}],"wp:term":[{"taxonomy":"category","embeddable":true,"href":"https:\/\/www.tucomarca.com\/wordpress\/segunda\/wp-json\/wp\/v2\/categories?post=61306"},{"taxonomy":"post_tag","embeddable":true,"href":"https:\/\/www.tucomarca.com\/wordpress\/segunda\/wp-json\/wp\/v2\/tags?post=61306"}],"curies":[{"name":"wp","href":"https:\/\/api.w.org\/{rel}","templated":true}]}}