{"id":6136,"date":"2012-08-03T17:10:34","date_gmt":"2012-08-03T15:10:34","guid":{"rendered":"http:\/\/www.tucomarca.com\/wordpress\/segunda\/?p=6136"},"modified":"2012-08-03T17:36:25","modified_gmt":"2012-08-03T15:36:25","slug":"presentacion-en-chiva-de-la-revista-%c2%abatame%c2%bb","status":"publish","type":"post","link":"https:\/\/www.tucomarca.com\/wordpress\/segunda\/presentacion-en-chiva-de-la-revista-%c2%abatame%c2%bb\/","title":{"rendered":"Presentaci\u00f3n en Chiva de la revista \u00ab\u00c1tame\u00bb"},"content":{"rendered":"<p>La Asociaci\u00f3n Cultural de Chiva \u00c1tame vuelve a presentar su publicaci\u00f3n anual. El acto ser\u00e1 el pr\u00f3ximo s\u00e1bado 4 de agosto en el cine teatro Astoria a las 20,00 horas.<\/p>\n","protected":false},"excerpt":{"rendered":"<div class=\"mh-excerpt\">La Asociaci\u00f3n Cultural de Chiva \u00c1tame vuelve a presentar su publicaci\u00f3n anual. El acto ser\u00e1 el pr\u00f3ximo s\u00e1bado 4 de agosto en el cine teatro Astoria a las 20,00 horas.<\/div>\n","protected":false},"author":1,"featured_media":0,"comment_status":"open","ping_status":"open","sticky":false,"template":"","format":"standard","meta":{"footnotes":""},"categories":[4,16,10,3],"tags":[],"class_list":{"0":"post-6136","1":"post","2":"type-post","3":"status-publish","4":"format-standard","6":"category-agenda","7":"category-chiva","8":"category-la-hoya","9":"category-seccion"},"_links":{"self":[{"href":"https:\/\/www.tucomarca.com\/wordpress\/segunda\/wp-json\/wp\/v2\/posts\/6136","targetHints":{"allow":["GET"]}}],"collection":[{"href":"https:\/\/www.tucomarca.com\/wordpress\/segunda\/wp-json\/wp\/v2\/posts"}],"about":[{"href":"https:\/\/www.tucomarca.com\/wordpress\/segunda\/wp-json\/wp\/v2\/types\/post"}],"author":[{"embeddable":true,"href":"https:\/\/www.tucomarca.com\/wordpress\/segunda\/wp-json\/wp\/v2\/users\/1"}],"replies":[{"embeddable":true,"href":"https:\/\/www.tucomarca.com\/wordpress\/segunda\/wp-json\/wp\/v2\/comments?post=6136"}],"version-history":[{"count":0,"href":"https:\/\/www.tucomarca.com\/wordpress\/segunda\/wp-json\/wp\/v2\/posts\/6136\/revisions"}],"wp:attachment":[{"href":"https:\/\/www.tucomarca.com\/wordpress\/segunda\/wp-json\/wp\/v2\/media?parent=6136"}],"wp:term":[{"taxonomy":"category","embeddable":true,"href":"https:\/\/www.tucomarca.com\/wordpress\/segunda\/wp-json\/wp\/v2\/categories?post=6136"},{"taxonomy":"post_tag","embeddable":true,"href":"https:\/\/www.tucomarca.com\/wordpress\/segunda\/wp-json\/wp\/v2\/tags?post=6136"}],"curies":[{"name":"wp","href":"https:\/\/api.w.org\/{rel}","templated":true}]}}