{"id":61372,"date":"2017-10-23T13:50:18","date_gmt":"2017-10-23T11:50:18","guid":{"rendered":"http:\/\/www.tucomarca.com\/wordpress\/segunda\/?p=61372"},"modified":"2017-10-23T13:50:18","modified_gmt":"2017-10-23T11:50:18","slug":"una-caida-en-el-circuito-de-philip-island-priva-a-hector-barbera-de-subir-en-la-general","status":"publish","type":"post","link":"https:\/\/www.tucomarca.com\/wordpress\/segunda\/una-caida-en-el-circuito-de-philip-island-priva-a-hector-barbera-de-subir-en-la-general\/","title":{"rendered":"Una ca\u00edda en el circuito de Philip Island priva a H\u00e9ctor Barber\u00e1 de subir en la general"},"content":{"rendered":"<figure id=\"attachment_56151\" aria-describedby=\"caption-attachment-56151\" style=\"width: 420px\" class=\"wp-caption alignleft\"><img loading=\"lazy\" decoding=\"async\" class=\"size-full wp-image-56151\" src=\"https:\/\/www.tucomarca.com\/wordpress\/segunda\/wp-content\/uploads\/2017\/04\/barbera1.jpg\" alt=\"H\u00e9ctor Barber\u00e1 no pudo realizar lo esperado, seg\u00fan comentaba en el anterior Gran Premio de Argentina.\" width=\"420\" height=\"280\" srcset=\"https:\/\/www.tucomarca.com\/wordpress\/segunda\/wp-content\/uploads\/2017\/04\/barbera1.jpg 420w, https:\/\/www.tucomarca.com\/wordpress\/segunda\/wp-content\/uploads\/2017\/04\/barbera1-300x200.jpg 300w\" sizes=\"auto, (max-width: 420px) 100vw, 420px\" \/><figcaption id=\"caption-attachment-56151\" class=\"wp-caption-text\">H\u00e9ctor Barber\u00e1 no pudo realizar lo esperado, seg\u00fan comentaba en el anterior Gran Premio de Argentina.<\/figcaption><\/figure>\n<p>Segunda prueba del triplete oceanogr\u00e1fico del\u00a0Pac\u00edfico,\u00a0en esta ocasi\u00f3n se celebr\u00f3 la 16 prueba del mundial de motociclismo de Moto GP en Australia, en el magn\u00edfico circuito de Philip Island,\u00a0el circuito m\u00e1s\u00a0 r\u00e1pido del mundial junto al de Austria,\u00a0donde se llegan a alcanzar los 340 km\/h y con medias de casi 190 km\/h.\u00a0Por eso, caerse aqu\u00ed est\u00e1 prohibido ya que te puedes hacer mucho da\u00f1o.<\/p>\n<p>Este pasado fin de semana nuestro piloto de Dos Aguas, H\u00e9ctor Barber\u00e1, comenz\u00f3 con una ca\u00edda en los entrenos del viernes y yo creo que le condicion\u00f3 para el resto de los d\u00edas,\u00a0ya que s\u00f3lo pudo hacer el 19 en la parrilla de salida y el domingo no pudo superar esa posicion finalizando el 20.<\/p>\n<p>Por lo que sigue en la tabla general en el puesto 21 con solo 25 puntos, a\u00a0falta de dos pruebas y sabiendo que en la pr\u00f3xima temporada no estar\u00e1 en la categor\u00eda de Moto GP,\u00a0va a ser\u00a0dif\u00edcil que remonte esta posici\u00f3n, pero por lo menos el 12 de\u00a0noviembre en en su circuito Ricardo Tormo deber\u00eda estar entre los 10 finalistas de la carrera para culminar un trabajo de agradecimiento a sus sponsor.<\/p>\n<p>Desearle lo mejor y que sepa que siempre estar\u00e1 apoyado por sus fans este donde est\u00e9. Informa, <strong>Elio Zan\u00f3n<\/strong>.<\/p>\n","protected":false},"excerpt":{"rendered":"<div class=\"mh-excerpt\">Segunda prueba del triplete oceanogr\u00e1fico del\u00a0Pac\u00edfico,\u00a0en esta ocasi\u00f3n se celebr\u00f3 la 16 prueba del mundial de motociclismo de Moto GP en Australia, en el magn\u00edfico circuito de Philip Island,\u00a0el circuito m\u00e1s\u00a0 r\u00e1pido del mundial junto <a class=\"mh-excerpt-more\" href=\"https:\/\/www.tucomarca.com\/wordpress\/segunda\/una-caida-en-el-circuito-de-philip-island-priva-a-hector-barbera-de-subir-en-la-general\/\" title=\"Una ca\u00edda en el circuito de Philip Island priva a H\u00e9ctor Barber\u00e1 de subir en la general\">[+] <\/a><\/div>\n","protected":false},"author":1,"featured_media":56151,"comment_status":"open","ping_status":"open","sticky":false,"template":"","format":"standard","meta":{"footnotes":""},"categories":[6,15,10,91,3],"tags":[1191,5952],"class_list":{"0":"post-61372","1":"post","2":"type-post","3":"status-publish","4":"format-standard","5":"has-post-thumbnail","7":"category-deportes","8":"category-dos-aguas","9":"category-la-hoya","10":"category-motociclismo","11":"category-seccion","12":"tag-dos-aguas-2","13":"tag-la-hoya-de-bunol-chiva"},"_links":{"self":[{"href":"https:\/\/www.tucomarca.com\/wordpress\/segunda\/wp-json\/wp\/v2\/posts\/61372","targetHints":{"allow":["GET"]}}],"collection":[{"href":"https:\/\/www.tucomarca.com\/wordpress\/segunda\/wp-json\/wp\/v2\/posts"}],"about":[{"href":"https:\/\/www.tucomarca.com\/wordpress\/segunda\/wp-json\/wp\/v2\/types\/post"}],"author":[{"embeddable":true,"href":"https:\/\/www.tucomarca.com\/wordpress\/segunda\/wp-json\/wp\/v2\/users\/1"}],"replies":[{"embeddable":true,"href":"https:\/\/www.tucomarca.com\/wordpress\/segunda\/wp-json\/wp\/v2\/comments?post=61372"}],"version-history":[{"count":0,"href":"https:\/\/www.tucomarca.com\/wordpress\/segunda\/wp-json\/wp\/v2\/posts\/61372\/revisions"}],"wp:featuredmedia":[{"embeddable":true,"href":"https:\/\/www.tucomarca.com\/wordpress\/segunda\/wp-json\/wp\/v2\/media\/56151"}],"wp:attachment":[{"href":"https:\/\/www.tucomarca.com\/wordpress\/segunda\/wp-json\/wp\/v2\/media?parent=61372"}],"wp:term":[{"taxonomy":"category","embeddable":true,"href":"https:\/\/www.tucomarca.com\/wordpress\/segunda\/wp-json\/wp\/v2\/categories?post=61372"},{"taxonomy":"post_tag","embeddable":true,"href":"https:\/\/www.tucomarca.com\/wordpress\/segunda\/wp-json\/wp\/v2\/tags?post=61372"}],"curies":[{"name":"wp","href":"https:\/\/api.w.org\/{rel}","templated":true}]}}