{"id":61452,"date":"2017-10-25T14:24:45","date_gmt":"2017-10-25T12:24:45","guid":{"rendered":"http:\/\/www.tucomarca.com\/wordpress\/segunda\/?p=61452"},"modified":"2017-10-25T14:42:33","modified_gmt":"2017-10-25T12:42:33","slug":"amadeo-saez-reitera-que-los-motivos-de-su-abandono-de-la-presidencia-del-cd-bunol-son-estrictamente-personales","status":"publish","type":"post","link":"https:\/\/www.tucomarca.com\/wordpress\/segunda\/amadeo-saez-reitera-que-los-motivos-de-su-abandono-de-la-presidencia-del-cd-bunol-son-estrictamente-personales\/","title":{"rendered":"Amadeo S\u00e1ez reitera que los motivos de su abandono de la presidencia del CD Bu\u00f1ol \u00abson estrictamente personales\u00bb"},"content":{"rendered":"<figure id=\"attachment_58750\" aria-describedby=\"caption-attachment-58750\" style=\"width: 470px\" class=\"wp-caption alignleft\"><img loading=\"lazy\" decoding=\"async\" class=\" wp-image-58750\" src=\"https:\/\/www.tucomarca.com\/wordpress\/segunda\/wp-content\/uploads\/2017\/08\/Amadeo.jpg\" alt=\"El presidente del Club Deportivo Bu\u00f1ol, Amadeo S\u00e1ez, durante la entrevista realizada en tucomarca televisi\u00f3n.\" width=\"470\" height=\"264\" srcset=\"https:\/\/www.tucomarca.com\/wordpress\/segunda\/wp-content\/uploads\/2017\/08\/Amadeo.jpg 5120w, https:\/\/www.tucomarca.com\/wordpress\/segunda\/wp-content\/uploads\/2017\/08\/Amadeo-300x169.jpg 300w, https:\/\/www.tucomarca.com\/wordpress\/segunda\/wp-content\/uploads\/2017\/08\/Amadeo-768x432.jpg 768w, https:\/\/www.tucomarca.com\/wordpress\/segunda\/wp-content\/uploads\/2017\/08\/Amadeo-1024x576.jpg 1024w\" sizes=\"auto, (max-width: 470px) 100vw, 470px\" \/><figcaption id=\"caption-attachment-58750\" class=\"wp-caption-text\">El ex presidente del Club Deportivo Bu\u00f1ol, Amadeo S\u00e1ez, durante una \u00faltima entrevista realizada en tucomarca televisi\u00f3n.<\/figcaption><\/figure>\n<p>En declaraciones a\u00a0<strong>tucomarca.com<\/strong>, el hasta la fecha presidente del CD Bu\u00f1ol, Amadeo S\u00e1ez, ha recalcado que los motivos de su renuncia al cargo \u00abson estrictamente personales\u00bb y ha querido \u00abnegar rotundamente los rumores que algunos, muy interesadamente, est\u00e1n tratando de difundir\u00bb.<\/p>\n<p>Amadeo S\u00e1ez ha negado tener \u00abning\u00fan tipo de vinculaci\u00f3n con la empresa que se ha hecho cargo del club durante la temporada 2017-18\u00bb, aunque no obstante ha reconocido que tuvo que \u00abfigurar obligatoriamente en su momento debido a las exigencias de los contratos que se suscribieron con algunos jugadores, los cuales exig\u00eda la AFE que hubiera relaci\u00f3n entre la empresa y el club de la persona que firmara los contratos\u00bb.<\/p>\n<p>El ex presidente del CD Bu\u00f1ol\u00a0ha insistido en que \u00abactualmente cualquiera que desee confirmarlo puede ir al registro y mirarlo porque estoy desvinculado desde antes de la junta pues quer\u00eda que quedase claro que estoy totalmente fuera de la empresa\u00bb.<\/p>\n<p>Amadeo Saez tambi\u00e9n ha lamentado \u00abque haya gente que no respete mi deseo personal de poder desvincularme del club por motivos estrictamente familiares\u00bb.<\/p>\n<p>Desde el club blanco tambi\u00e9n han confirmado que ser\u00e1 finalmente Manuel Simon, vicepresidente del club hasta\u00a0antes de la dimisi\u00f3n del\u00a0presidente, quien ocupar\u00e1 el cargo dejado vacante por Amadeo S\u00e1ez.<\/p>\n","protected":false},"excerpt":{"rendered":"<div class=\"mh-excerpt\">En declaraciones a\u00a0tucomarca.com, el hasta la fecha presidente del CD Bu\u00f1ol, Amadeo S\u00e1ez, ha recalcado que los motivos de su renuncia al cargo \u00abson estrictamente personales\u00bb y ha querido \u00abnegar rotundamente los rumores que algunos, <a class=\"mh-excerpt-more\" href=\"https:\/\/www.tucomarca.com\/wordpress\/segunda\/amadeo-saez-reitera-que-los-motivos-de-su-abandono-de-la-presidencia-del-cd-bunol-son-estrictamente-personales\/\" title=\"Amadeo S\u00e1ez reitera que los motivos de su abandono de la presidencia del CD Bu\u00f1ol \u00abson estrictamente personales\u00bb\">[+] <\/a><\/div>\n","protected":false},"author":1,"featured_media":58750,"comment_status":"open","ping_status":"open","sticky":false,"template":"","format":"standard","meta":{"footnotes":""},"categories":[18,50,6,10,3,45],"tags":[537,10379,5952],"class_list":{"0":"post-61452","1":"post","2":"type-post","3":"status-publish","4":"format-standard","5":"has-post-thumbnail","7":"category-bunol","8":"category-futbol-deportes","9":"category-deportes","10":"category-la-hoya","11":"category-seccion","12":"category-ventana","13":"tag-cd-bunol","14":"tag-deportes","15":"tag-la-hoya-de-bunol-chiva"},"_links":{"self":[{"href":"https:\/\/www.tucomarca.com\/wordpress\/segunda\/wp-json\/wp\/v2\/posts\/61452","targetHints":{"allow":["GET"]}}],"collection":[{"href":"https:\/\/www.tucomarca.com\/wordpress\/segunda\/wp-json\/wp\/v2\/posts"}],"about":[{"href":"https:\/\/www.tucomarca.com\/wordpress\/segunda\/wp-json\/wp\/v2\/types\/post"}],"author":[{"embeddable":true,"href":"https:\/\/www.tucomarca.com\/wordpress\/segunda\/wp-json\/wp\/v2\/users\/1"}],"replies":[{"embeddable":true,"href":"https:\/\/www.tucomarca.com\/wordpress\/segunda\/wp-json\/wp\/v2\/comments?post=61452"}],"version-history":[{"count":0,"href":"https:\/\/www.tucomarca.com\/wordpress\/segunda\/wp-json\/wp\/v2\/posts\/61452\/revisions"}],"wp:featuredmedia":[{"embeddable":true,"href":"https:\/\/www.tucomarca.com\/wordpress\/segunda\/wp-json\/wp\/v2\/media\/58750"}],"wp:attachment":[{"href":"https:\/\/www.tucomarca.com\/wordpress\/segunda\/wp-json\/wp\/v2\/media?parent=61452"}],"wp:term":[{"taxonomy":"category","embeddable":true,"href":"https:\/\/www.tucomarca.com\/wordpress\/segunda\/wp-json\/wp\/v2\/categories?post=61452"},{"taxonomy":"post_tag","embeddable":true,"href":"https:\/\/www.tucomarca.com\/wordpress\/segunda\/wp-json\/wp\/v2\/tags?post=61452"}],"curies":[{"name":"wp","href":"https:\/\/api.w.org\/{rel}","templated":true}]}}