{"id":61562,"date":"2017-10-28T12:46:26","date_gmt":"2017-10-28T10:46:26","guid":{"rendered":"http:\/\/www.tucomarca.com\/wordpress\/segunda\/?p=61562"},"modified":"2017-10-28T12:46:26","modified_gmt":"2017-10-28T10:46:26","slug":"subirats-debuta-este-domingo-al-frente-del-cd-bunol-contra-el-orihuela-cf","status":"publish","type":"post","link":"https:\/\/www.tucomarca.com\/wordpress\/segunda\/subirats-debuta-este-domingo-al-frente-del-cd-bunol-contra-el-orihuela-cf\/","title":{"rendered":"Subirats debuta este domingo al frente del CD Bu\u00f1ol contra el Orihuela CF"},"content":{"rendered":"<p><img loading=\"lazy\" decoding=\"async\" class=\"alignleft  wp-image-61567\" src=\"https:\/\/www.tucomarca.com\/wordpress\/segunda\/wp-content\/uploads\/2017\/10\/Subirats02.jpg\" alt=\"\" width=\"273\" height=\"205\" srcset=\"https:\/\/www.tucomarca.com\/wordpress\/segunda\/wp-content\/uploads\/2017\/10\/Subirats02.jpg 886w, https:\/\/www.tucomarca.com\/wordpress\/segunda\/wp-content\/uploads\/2017\/10\/Subirats02-300x226.jpg 300w, https:\/\/www.tucomarca.com\/wordpress\/segunda\/wp-content\/uploads\/2017\/10\/Subirats02-768x577.jpg 768w\" sizes=\"auto, (max-width: 273px) 100vw, 273px\" \/>El nuevo m\u00edster\u00a0del Club Deportivo Bu\u00f1ol, Javier Subirats, intentar\u00e1 este domingo hacer bueno el dicho de \u00aba entrenador nuevo, victoria segura\u00bb.<\/p>\n<p>Aunque no lo tendr\u00e1 nada f\u00e1cil porque los blancos se enfrentan\u00a0al Orihuela CF a domicilio, un conjunto situado en tercera posici\u00f3n que intentar\u00e1 hacer valer a su favor el factor campo.<\/p>\n<p>El CD Bu\u00f1ol, que ahora ocupa el puesto once\u00a0de la clasificaci\u00f3n,\u00a0se ha reforzado adem\u00e1s esta semana con Rafeta, el ex del Eldense y del Ontinyent que juega por\u00a0banda izquierda; as\u00ed como con y Jonathan Sope\u00f1a, \u00abdelantero que llega del Parla Escuela de la Tercera Divisi\u00f3n madrile\u00f1a tras jugar la temporada pasada en Australia\u00bb, seg\u00fan han informado desde el club.<\/p>\n<p><img loading=\"lazy\" decoding=\"async\" class=\" wp-image-61569 alignright\" src=\"https:\/\/www.tucomarca.com\/wordpress\/segunda\/wp-content\/uploads\/2017\/10\/Subirats04.jpg\" alt=\"\" width=\"377\" height=\"252\" srcset=\"https:\/\/www.tucomarca.com\/wordpress\/segunda\/wp-content\/uploads\/2017\/10\/Subirats04.jpg 886w, https:\/\/www.tucomarca.com\/wordpress\/segunda\/wp-content\/uploads\/2017\/10\/Subirats04-300x201.jpg 300w, https:\/\/www.tucomarca.com\/wordpress\/segunda\/wp-content\/uploads\/2017\/10\/Subirats04-768x514.jpg 768w\" sizes=\"auto, (max-width: 377px) 100vw, 377px\" \/>Precisamente, la presentaci\u00f3n de ambos jugadores ten\u00eda lugar junto a la\u00a0del nuevo entrenador del primer equipo\u00a0este viernes por la tarde en el Beltr\u00e1n B\u00e1guena, donde Subirats manifestaba que era\u00a0\u00abun nuevo reto que afronto con muchas ganas. Entrenar siempre me ha gustado. Intentaremos que los aficionados del Bu\u00f1ol se sientan identificados con el equipo y disfruten con \u00e9l\u201d.<\/p>\n<p>Subirats no ha querido aumentar la presi\u00f3n sobre los objetivos:\u00a0\u00abse\u00a0va a ir poco a poco, los objetivos son trabajar<span class=\"text_exposed_show\">\u00a0cada d\u00eda y mirar partido a partido. Tenemos buenos jugadores para pelear en todos los campos con el rival por los puntos en juego\u201d.<\/span><\/p>\n<p><span class=\"text_exposed_show\">Javier Subirats se inici\u00f3 como entrenador en las categor\u00edas inferiores del Valencia CF, fue entrenador del Villarreal CF y H\u00e9rcules CF\u00a0as\u00ed como\u00a0encargado de las secretar\u00edas t\u00e9cnicas del Valencia CF y del H\u00e9rcules CF. <\/span><\/p>\n<p><span class=\"text_exposed_show\">Desde el CD Bu\u00f1ol han destacado entre\u00a0sus logros\u00a0\u00abel fichaje de Rafa Ben\u00edtez y posteriormente David Villa por el del Valencia CF\u00bb.<br \/>\n<\/span><\/p>\n","protected":false},"excerpt":{"rendered":"<div class=\"mh-excerpt\">El nuevo m\u00edster\u00a0del Club Deportivo Bu\u00f1ol, Javier Subirats, intentar\u00e1 este domingo hacer bueno el dicho de \u00aba entrenador nuevo, victoria segura\u00bb. Aunque no lo tendr\u00e1 nada f\u00e1cil porque los blancos se enfrentan\u00a0al Orihuela CF a <a class=\"mh-excerpt-more\" href=\"https:\/\/www.tucomarca.com\/wordpress\/segunda\/subirats-debuta-este-domingo-al-frente-del-cd-bunol-contra-el-orihuela-cf\/\" title=\"Subirats debuta este domingo al frente del CD Bu\u00f1ol contra el Orihuela CF\">[+] <\/a><\/div>\n","protected":false},"author":1,"featured_media":61567,"comment_status":"open","ping_status":"open","sticky":false,"template":"","format":"standard","meta":{"footnotes":""},"categories":[18,50,6,10,3,45],"tags":[537,10379,44,5952],"class_list":{"0":"post-61562","1":"post","2":"type-post","3":"status-publish","4":"format-standard","5":"has-post-thumbnail","7":"category-bunol","8":"category-futbol-deportes","9":"category-deportes","10":"category-la-hoya","11":"category-seccion","12":"category-ventana","13":"tag-cd-bunol","14":"tag-deportes","15":"tag-futbol","16":"tag-la-hoya-de-bunol-chiva"},"_links":{"self":[{"href":"https:\/\/www.tucomarca.com\/wordpress\/segunda\/wp-json\/wp\/v2\/posts\/61562","targetHints":{"allow":["GET"]}}],"collection":[{"href":"https:\/\/www.tucomarca.com\/wordpress\/segunda\/wp-json\/wp\/v2\/posts"}],"about":[{"href":"https:\/\/www.tucomarca.com\/wordpress\/segunda\/wp-json\/wp\/v2\/types\/post"}],"author":[{"embeddable":true,"href":"https:\/\/www.tucomarca.com\/wordpress\/segunda\/wp-json\/wp\/v2\/users\/1"}],"replies":[{"embeddable":true,"href":"https:\/\/www.tucomarca.com\/wordpress\/segunda\/wp-json\/wp\/v2\/comments?post=61562"}],"version-history":[{"count":0,"href":"https:\/\/www.tucomarca.com\/wordpress\/segunda\/wp-json\/wp\/v2\/posts\/61562\/revisions"}],"wp:featuredmedia":[{"embeddable":true,"href":"https:\/\/www.tucomarca.com\/wordpress\/segunda\/wp-json\/wp\/v2\/media\/61567"}],"wp:attachment":[{"href":"https:\/\/www.tucomarca.com\/wordpress\/segunda\/wp-json\/wp\/v2\/media?parent=61562"}],"wp:term":[{"taxonomy":"category","embeddable":true,"href":"https:\/\/www.tucomarca.com\/wordpress\/segunda\/wp-json\/wp\/v2\/categories?post=61562"},{"taxonomy":"post_tag","embeddable":true,"href":"https:\/\/www.tucomarca.com\/wordpress\/segunda\/wp-json\/wp\/v2\/tags?post=61562"}],"curies":[{"name":"wp","href":"https:\/\/api.w.org\/{rel}","templated":true}]}}