{"id":6158,"date":"2012-08-07T10:30:34","date_gmt":"2012-08-07T08:30:34","guid":{"rendered":"http:\/\/www.tucomarca.com\/wordpress\/segunda\/?p=6158"},"modified":"2012-08-07T10:49:23","modified_gmt":"2012-08-07T08:49:23","slug":"el-institut-valencia-de-la-musica-adjudica-290-000-euros-en-ayudas-para-becas-discografia-y-eventos-musicales","status":"publish","type":"post","link":"https:\/\/www.tucomarca.com\/wordpress\/segunda\/el-institut-valencia-de-la-musica-adjudica-290-000-euros-en-ayudas-para-becas-discografia-y-eventos-musicales\/","title":{"rendered":"El Institut Valenci\u00e0 de la M\u00fasica adjudica 290.000 euros en ayudas para becas, discograf\u00eda y eventos musicales"},"content":{"rendered":"<p>El  Institut Valenci\u00e0 de la M\u00fasica (IVM) ha resuelto la concesi\u00f3n de las  ayudas convocadas el pasado 20 de abril en el DOCV, dentro de los  procedimientos de concurrencia competitiva, que supone la adjudicaci\u00f3n  de 290.376 \u0080 para un total de 99 ayudas de diversa naturaleza.<\/p>\n<p>Por lo que respecta a las 22 becas de perfeccionamiento  musical, por un total de 57.032 \u0080, dos son de corta duraci\u00f3n (hasta un  mes) y veinte de larga duraci\u00f3n (un a\u00f1o o curso acad\u00e9mico).<\/p>\n<p>Nueve de los beneficiarios estudiar\u00e1n en Espa\u00f1a en centros como  la Escuela Superior de M\u00fasica Reina Sof\u00eda, de Madrid, vinculada a la  Fundaci\u00f3n Alb\u00e9niz, o la Escuela Superior de M\u00fasica de Catalu\u00f1a.<\/p>\n<p>En cuanto a los otros trece becarios, el lugar de destino es  Alemania (Berl\u00edn, Mannheim, D\u00fcsseldorf, Dresde), Estados Unidos         (Boston, Chicago y Nueva York ), Suiza (Basilea), Rep\u00fablica Checa  (Brno), Inglaterra (Londres), Francia ( Poitiers) y Holanda (\u00c1msterdam).<\/p>\n<p><strong>Ayudas a la discograf\u00eda <\/strong><\/p>\n<p>La cuant\u00eda destinada a las ayudas a la discograf\u00eda es de 26.520  \u0080 para 9 ayudas de edici\u00f3n o producci\u00f3n, de m\u00fasica de compositores  valencianos y\/o con int\u00e9rpretes de la Comunidad. Estas ayudas atienden  diversas modalidades como el jazz, el pop-rock y la m\u00fasica cl\u00e1sica.<\/p>\n<p>Dentro de esta \u00faltima est\u00e1n destinadas a proyectos que cubren  un amplio espectro hist\u00f3rico, desde las ensaladas de la corte de los  duques de Calabria, pasando por el Barroco, con maestros de capilla del  Colegio del Patriarca; el clasicismo, con los representantes de la  capilla de la corte virreinal de N\u00e1poles, o las m\u00fasicas de los siglos  XIX y XX, con la recuperaci\u00f3n del guitarrista oriolano Trinidad Huerta  (1800-1874) y las composiciones para piano, como tangos y habaneras, del  cambio de siglo.<\/p>\n<p><strong>Eventos musicales <\/strong><\/p>\n<p>Para festivales, cursos, concursos, proyectos singulares,  proyectos de producci\u00f3n y programaci\u00f3n musical anual estable de los  ayuntamientos hay previsto un total de 206.824 \u0080 distribuidos en 68  ayudas que atienden 101 proyectos musicales en total.<\/p>\n<p>De ellas, 37, por un importe del 50%, van destinadas a  ayuntamientos, para la programaci\u00f3n musical estable anual y otros  proyectos singulares, festivales y cursos. El resto de ayudas, 31, se  destina a entidades, empresas, asociaciones y profesionales.<\/p>\n","protected":false},"excerpt":{"rendered":"<div class=\"mh-excerpt\">El Institut Valenci\u00e0 de la M\u00fasica (IVM) ha resuelto la concesi\u00f3n de las ayudas convocadas el pasado 20 de abril en el DOCV, dentro de los procedimientos de concurrencia competitiva, que supone la adjudicaci\u00f3n de <a class=\"mh-excerpt-more\" href=\"https:\/\/www.tucomarca.com\/wordpress\/segunda\/el-institut-valencia-de-la-musica-adjudica-290-000-euros-en-ayudas-para-becas-discografia-y-eventos-musicales\/\" title=\"El Institut Valenci\u00e0 de la M\u00fasica adjudica 290.000 euros en ayudas para becas, discograf\u00eda y eventos musicales\">[+] <\/a><\/div>\n","protected":false},"author":1,"featured_media":0,"comment_status":"open","ping_status":"open","sticky":false,"template":"","format":"standard","meta":{"footnotes":""},"categories":[46,66,72,7,3],"tags":[],"class_list":{"0":"post-6158","1":"post","2":"type-post","3":"status-publish","4":"format-standard","6":"category-camp-de-turia","7":"category-musica","8":"category-sin-categorizar","9":"category-ocio-y-cultura","10":"category-seccion"},"_links":{"self":[{"href":"https:\/\/www.tucomarca.com\/wordpress\/segunda\/wp-json\/wp\/v2\/posts\/6158","targetHints":{"allow":["GET"]}}],"collection":[{"href":"https:\/\/www.tucomarca.com\/wordpress\/segunda\/wp-json\/wp\/v2\/posts"}],"about":[{"href":"https:\/\/www.tucomarca.com\/wordpress\/segunda\/wp-json\/wp\/v2\/types\/post"}],"author":[{"embeddable":true,"href":"https:\/\/www.tucomarca.com\/wordpress\/segunda\/wp-json\/wp\/v2\/users\/1"}],"replies":[{"embeddable":true,"href":"https:\/\/www.tucomarca.com\/wordpress\/segunda\/wp-json\/wp\/v2\/comments?post=6158"}],"version-history":[{"count":0,"href":"https:\/\/www.tucomarca.com\/wordpress\/segunda\/wp-json\/wp\/v2\/posts\/6158\/revisions"}],"wp:attachment":[{"href":"https:\/\/www.tucomarca.com\/wordpress\/segunda\/wp-json\/wp\/v2\/media?parent=6158"}],"wp:term":[{"taxonomy":"category","embeddable":true,"href":"https:\/\/www.tucomarca.com\/wordpress\/segunda\/wp-json\/wp\/v2\/categories?post=6158"},{"taxonomy":"post_tag","embeddable":true,"href":"https:\/\/www.tucomarca.com\/wordpress\/segunda\/wp-json\/wp\/v2\/tags?post=6158"}],"curies":[{"name":"wp","href":"https:\/\/api.w.org\/{rel}","templated":true}]}}