{"id":61606,"date":"2017-10-29T13:08:19","date_gmt":"2017-10-29T11:08:19","guid":{"rendered":"http:\/\/www.tucomarca.com\/wordpress\/segunda\/?p=61606"},"modified":"2017-10-29T13:08:19","modified_gmt":"2017-10-29T11:08:19","slug":"el-chiva-suma-3-esperanzadores-puntos-gracias-a-su-victoria-frente-al-juventud-manisense-2-0","status":"publish","type":"post","link":"https:\/\/www.tucomarca.com\/wordpress\/segunda\/el-chiva-suma-3-esperanzadores-puntos-gracias-a-su-victoria-frente-al-juventud-manisense-2-0\/","title":{"rendered":"El Chiva suma 3 esperanzadores puntos gracias a su victoria frente al Juventud Manisense (2-0)"},"content":{"rendered":"<p>El\u00a0<b>Chiva CF<\/b>\u00a0logr\u00f3 sumar 3 puntos frente al Juventud Manisense; y es que los de Vicente Casanova necesitaban sumar de 3 en 3 porque los resultados no siempre estaban acompa\u00f1ando con ese juego pele\u00f3n que estaban tomando.<\/p>\n<p>La primera parte iba a ser m\u00e1s igualada, con ocasiones y juego para ambos bandos;\u00a0dando los de Vicente en s\u00ed, mejor juego. Eso\u00a0se traducir\u00eda m\u00e1s tarde.<\/p>\n<p>En\u00a0la segunda parte poco tardar\u00edan los locales en abrir el marcador, ser\u00eda en el 47&#8242;, obra de Dar\u00edo Garc\u00eda. Eso\u00a0pondr\u00eda el partido de cara para el Chiva que le estaba dando a su afici\u00f3n lo que quer\u00eda ver:\u00a0juego y goles. No tardar\u00edan mucho en abrir m\u00e1s la brecha y Adri\u00e1n Gonz\u00e1lez, de penalti, lograr\u00eda en el 63&#8242; el 2-0 definitivo.<\/p>\n<p>El Chiva se coloca con estos 3 puntos en el puesto 12 con 6 puntos y empieza a respirar fuerte.\u00a0Informa,\u00a0<strong>Raul Miralles<\/strong>\u00a0@raulmks<\/p>\n","protected":false},"excerpt":{"rendered":"<div class=\"mh-excerpt\">El\u00a0Chiva CF\u00a0logr\u00f3 sumar 3 puntos frente al Juventud Manisense; y es que los de Vicente Casanova necesitaban sumar de 3 en 3 porque los resultados no siempre estaban acompa\u00f1ando con ese juego pele\u00f3n que estaban <a class=\"mh-excerpt-more\" href=\"https:\/\/www.tucomarca.com\/wordpress\/segunda\/el-chiva-suma-3-esperanzadores-puntos-gracias-a-su-victoria-frente-al-juventud-manisense-2-0\/\" title=\"El Chiva suma 3 esperanzadores puntos gracias a su victoria frente al Juventud Manisense (2-0)\">[+] <\/a><\/div>\n","protected":false},"author":1,"featured_media":60797,"comment_status":"open","ping_status":"open","sticky":false,"template":"","format":"standard","meta":{"footnotes":""},"categories":[50,16,6,10,3,45],"tags":[10384,395,10379,44,5952,10669],"class_list":{"0":"post-61606","1":"post","2":"type-post","3":"status-publish","4":"format-standard","5":"has-post-thumbnail","7":"category-futbol-deportes","8":"category-chiva","9":"category-deportes","10":"category-la-hoya","11":"category-seccion","12":"category-ventana","13":"tag-chiva","14":"tag-chiva-cf","15":"tag-deportes","16":"tag-futbol","17":"tag-la-hoya-de-bunol-chiva","18":"tag-primera-regional"},"_links":{"self":[{"href":"https:\/\/www.tucomarca.com\/wordpress\/segunda\/wp-json\/wp\/v2\/posts\/61606","targetHints":{"allow":["GET"]}}],"collection":[{"href":"https:\/\/www.tucomarca.com\/wordpress\/segunda\/wp-json\/wp\/v2\/posts"}],"about":[{"href":"https:\/\/www.tucomarca.com\/wordpress\/segunda\/wp-json\/wp\/v2\/types\/post"}],"author":[{"embeddable":true,"href":"https:\/\/www.tucomarca.com\/wordpress\/segunda\/wp-json\/wp\/v2\/users\/1"}],"replies":[{"embeddable":true,"href":"https:\/\/www.tucomarca.com\/wordpress\/segunda\/wp-json\/wp\/v2\/comments?post=61606"}],"version-history":[{"count":0,"href":"https:\/\/www.tucomarca.com\/wordpress\/segunda\/wp-json\/wp\/v2\/posts\/61606\/revisions"}],"wp:featuredmedia":[{"embeddable":true,"href":"https:\/\/www.tucomarca.com\/wordpress\/segunda\/wp-json\/wp\/v2\/media\/60797"}],"wp:attachment":[{"href":"https:\/\/www.tucomarca.com\/wordpress\/segunda\/wp-json\/wp\/v2\/media?parent=61606"}],"wp:term":[{"taxonomy":"category","embeddable":true,"href":"https:\/\/www.tucomarca.com\/wordpress\/segunda\/wp-json\/wp\/v2\/categories?post=61606"},{"taxonomy":"post_tag","embeddable":true,"href":"https:\/\/www.tucomarca.com\/wordpress\/segunda\/wp-json\/wp\/v2\/tags?post=61606"}],"curies":[{"name":"wp","href":"https:\/\/api.w.org\/{rel}","templated":true}]}}