{"id":61639,"date":"2017-10-30T09:51:41","date_gmt":"2017-10-30T07:51:41","guid":{"rendered":"http:\/\/www.tucomarca.com\/wordpress\/segunda\/?p=61639"},"modified":"2017-10-30T09:51:41","modified_gmt":"2017-10-30T07:51:41","slug":"requena-realiza-un-acto-promocional-de-su-embutido","status":"publish","type":"post","link":"https:\/\/www.tucomarca.com\/wordpress\/segunda\/requena-realiza-un-acto-promocional-de-su-embutido\/","title":{"rendered":"Requena realiza un acto promocional de su embutido"},"content":{"rendered":"<figure id=\"attachment_54155\" aria-describedby=\"caption-attachment-54155\" style=\"width: 447px\" class=\"wp-caption alignleft\"><img loading=\"lazy\" decoding=\"async\" class=\" wp-image-54155\" src=\"https:\/\/www.tucomarca.com\/wordpress\/segunda\/wp-content\/uploads\/2017\/02\/Requenaembutido.jpg\" alt=\"La Muestra del Embutido Artesano y de Calidad de Requena abre este viernes las puertas de su XXIV edici\u00f3n.\" width=\"447\" height=\"335\" srcset=\"https:\/\/www.tucomarca.com\/wordpress\/segunda\/wp-content\/uploads\/2017\/02\/Requenaembutido.jpg 3648w, https:\/\/www.tucomarca.com\/wordpress\/segunda\/wp-content\/uploads\/2017\/02\/Requenaembutido-300x225.jpg 300w, https:\/\/www.tucomarca.com\/wordpress\/segunda\/wp-content\/uploads\/2017\/02\/Requenaembutido-1024x768.jpg 1024w\" sizes=\"auto, (max-width: 447px) 100vw, 447px\" \/><figcaption id=\"caption-attachment-54155\" class=\"wp-caption-text\">Una imagen de la\u00a0Muestra del Embutido Artesano y de Calidad de Requena.<\/figcaption><\/figure>\n<p>El espacio cultural Feliciano A. Yeves de Requena acoge\u00a0este\u00a0lunes la presentaci\u00f3n de las <em>delicias de matanza: Siglos de tradici\u00f3n<\/em>, donde intervendr\u00e1n el presidente de\u00a0 la Indicaci\u00f3n Geogr\u00e1fica Protegida Embutido de Requena, Miguel Garc\u00eda, el alcalde de Requena, Mario S\u00e1nchez, el cronista oficial de Requena, Ferm\u00edn Pardo y el archivero municipal, Ignacio Latorre.<\/p>\n<p>Actuar\u00e1 el grupo folkl\u00f3rico\u00a0 Cantares Viejos y tambi\u00e9n habr\u00e1 una degustaci\u00f3n de embutidos. Informa,\u00a0<strong>Luis Ib\u00e1\u00f1ez<\/strong>.<\/p>\n","protected":false},"excerpt":{"rendered":"<div class=\"mh-excerpt\">El espacio cultural Feliciano A. Yeves de Requena acoge\u00a0este\u00a0lunes la presentaci\u00f3n de las delicias de matanza: Siglos de tradici\u00f3n, donde intervendr\u00e1n el presidente de\u00a0 la Indicaci\u00f3n Geogr\u00e1fica Protegida Embutido de Requena, Miguel Garc\u00eda, el alcalde <a class=\"mh-excerpt-more\" href=\"https:\/\/www.tucomarca.com\/wordpress\/segunda\/requena-realiza-un-acto-promocional-de-su-embutido\/\" title=\"Requena realiza un acto promocional de su embutido\">[+] <\/a><\/div>\n","protected":false},"author":1,"featured_media":54155,"comment_status":"open","ping_status":"open","sticky":false,"template":"","format":"standard","meta":{"footnotes":""},"categories":[4,28,27,3],"tags":[6903,10387],"class_list":{"0":"post-61639","1":"post","2":"type-post","3":"status-publish","4":"format-standard","5":"has-post-thumbnail","7":"category-agenda","8":"category-requena","9":"category-requena-utiel","10":"category-seccion","11":"tag-embutido","12":"tag-requena-utiel"},"_links":{"self":[{"href":"https:\/\/www.tucomarca.com\/wordpress\/segunda\/wp-json\/wp\/v2\/posts\/61639","targetHints":{"allow":["GET"]}}],"collection":[{"href":"https:\/\/www.tucomarca.com\/wordpress\/segunda\/wp-json\/wp\/v2\/posts"}],"about":[{"href":"https:\/\/www.tucomarca.com\/wordpress\/segunda\/wp-json\/wp\/v2\/types\/post"}],"author":[{"embeddable":true,"href":"https:\/\/www.tucomarca.com\/wordpress\/segunda\/wp-json\/wp\/v2\/users\/1"}],"replies":[{"embeddable":true,"href":"https:\/\/www.tucomarca.com\/wordpress\/segunda\/wp-json\/wp\/v2\/comments?post=61639"}],"version-history":[{"count":0,"href":"https:\/\/www.tucomarca.com\/wordpress\/segunda\/wp-json\/wp\/v2\/posts\/61639\/revisions"}],"wp:featuredmedia":[{"embeddable":true,"href":"https:\/\/www.tucomarca.com\/wordpress\/segunda\/wp-json\/wp\/v2\/media\/54155"}],"wp:attachment":[{"href":"https:\/\/www.tucomarca.com\/wordpress\/segunda\/wp-json\/wp\/v2\/media?parent=61639"}],"wp:term":[{"taxonomy":"category","embeddable":true,"href":"https:\/\/www.tucomarca.com\/wordpress\/segunda\/wp-json\/wp\/v2\/categories?post=61639"},{"taxonomy":"post_tag","embeddable":true,"href":"https:\/\/www.tucomarca.com\/wordpress\/segunda\/wp-json\/wp\/v2\/tags?post=61639"}],"curies":[{"name":"wp","href":"https:\/\/api.w.org\/{rel}","templated":true}]}}