{"id":61641,"date":"2017-10-31T09:55:04","date_gmt":"2017-10-31T07:55:04","guid":{"rendered":"http:\/\/www.tucomarca.com\/wordpress\/segunda\/?p=61641"},"modified":"2017-10-31T09:55:04","modified_gmt":"2017-10-31T07:55:04","slug":"bunol-debatira-sobre-su-amplio-patrimonio-cultural-musical-y-monumental-en-la-primera-edicion-de-la-universidad-de-otono","status":"publish","type":"post","link":"https:\/\/www.tucomarca.com\/wordpress\/segunda\/bunol-debatira-sobre-su-amplio-patrimonio-cultural-musical-y-monumental-en-la-primera-edicion-de-la-universidad-de-otono\/","title":{"rendered":"Bu\u00f1ol debatir\u00e1 sobre su amplio patrimonio cultural, musical y monumental en la primera edici\u00f3n de la Universidad de Oto\u00f1o"},"content":{"rendered":"<figure id=\"attachment_61647\" aria-describedby=\"caption-attachment-61647\" style=\"width: 437px\" class=\"wp-caption alignleft\"><img loading=\"lazy\" decoding=\"async\" class=\" wp-image-61647\" src=\"https:\/\/www.tucomarca.com\/wordpress\/segunda\/wp-content\/uploads\/2017\/10\/bunyoltardor.jpg\" alt=\"Cartel de la iniciativa que acoge Bu\u00f1ol.\" width=\"437\" height=\"464\" srcset=\"https:\/\/www.tucomarca.com\/wordpress\/segunda\/wp-content\/uploads\/2017\/10\/bunyoltardor.jpg 2500w, https:\/\/www.tucomarca.com\/wordpress\/segunda\/wp-content\/uploads\/2017\/10\/bunyoltardor-283x300.jpg 283w, https:\/\/www.tucomarca.com\/wordpress\/segunda\/wp-content\/uploads\/2017\/10\/bunyoltardor-768x815.jpg 768w, https:\/\/www.tucomarca.com\/wordpress\/segunda\/wp-content\/uploads\/2017\/10\/bunyoltardor-965x1024.jpg 965w, https:\/\/www.tucomarca.com\/wordpress\/segunda\/wp-content\/uploads\/2017\/10\/bunyoltardor-1024x1086.jpg 1024w\" sizes=\"auto, (max-width: 437px) 100vw, 437px\" \/><figcaption id=\"caption-attachment-61647\" class=\"wp-caption-text\">Cartel de la iniciativa que acoge Bu\u00f1ol.<\/figcaption><\/figure>\n<p>El Ayuntamiento de Bu\u00f1ol, a trav\u00e9s de la Concejal\u00eda de Patrimonio, organiza la 1\u00aa Edici\u00f3n de la Universidad de Oto\u00f1o, en colaboraci\u00f3n con la Universitat de Val\u00e8ncia y la Diputaci\u00f3 de Val\u00e8ncia. Se desarrollar\u00e1 los pr\u00f3ximos 15 y 16 de noviembre en el Molino Gal\u00e1n de la localidad. La asistencia a dicho acto cultural es gratuita.<\/p>\n<p>Rafael P\u00e9rez, concejal de Patrimonio bu\u00f1olense, se ha mostrado muy satisfecho por la organizaci\u00f3n de este evento cultural de gran importancia para el municipio y de gran inter\u00e9s para los numerosos expertos en patrimonio cultural que se dar\u00e1n cita esos dos d\u00edas. El castillo, el patrimonio arqueol\u00f3gico industrial, la cultura musical y los monumentos y edificios de gran calado e inter\u00e9s hist\u00f3rico-cultural que han influido en el devenir y la idiosincrasia de un pueblo plagado de patrimonio por todos sus rincones ser\u00e1n los temas que se debatir\u00e1n esos d\u00edas.<\/p>\n<p>Profesores de la Universitat, el Instituto de Estudios Comarcales de la Hoya de Bu\u00f1ol-Chiva, diputados de la Diputaci\u00f3n de Valencia y representantes municipales se dar\u00e1n cita en unos encuentros culturales de gran intensidad e inter\u00e9s para Bu\u00f1ol, la comarca y toda la Comunitat Valenciana. Para asistir hay que realizar una inscripci\u00f3n previa en la web projeccio.uv.es<\/p>\n<p>El edil P\u00e9rez ha destacado que uno de los retos de la Concejal\u00eda de Patrimonio es dar a conocer \u201cnuestro patrimonio cultural, art\u00edstico y monumental, y adem\u00e1s saberlo mantener\u201d. Por ello, anima a todos los vecinos, visitantes y expertos a que asistan a estas jornadas. Adem\u00e1s, ha continuado diciendo, \u201cla Universitat de Val\u00e8ncia, a trav\u00e9s del Vicerrectorat de Participaci\u00f3 i Projecci\u00f3 Territorial, y la Diputaci\u00f3 de Val\u00e8ncia colaboran activamente en esta Universidad de Oto\u00f1o, lo que demuestra el amplio patrimonio de nuestro municipio, as\u00ed que tan s\u00f3lo queda agradecer la implicaci\u00f3n de ambas instituciones y esperar que sea todo un \u00e9xito\u201d.<\/p>\n","protected":false},"excerpt":{"rendered":"<div class=\"mh-excerpt\">El Ayuntamiento de Bu\u00f1ol, a trav\u00e9s de la Concejal\u00eda de Patrimonio, organiza la 1\u00aa Edici\u00f3n de la Universidad de Oto\u00f1o, en colaboraci\u00f3n con la Universitat de Val\u00e8ncia y la Diputaci\u00f3 de Val\u00e8ncia. Se desarrollar\u00e1 los <a class=\"mh-excerpt-more\" href=\"https:\/\/www.tucomarca.com\/wordpress\/segunda\/bunol-debatira-sobre-su-amplio-patrimonio-cultural-musical-y-monumental-en-la-primera-edicion-de-la-universidad-de-otono\/\" title=\"Bu\u00f1ol debatir\u00e1 sobre su amplio patrimonio cultural, musical y monumental en la primera edici\u00f3n de la Universidad de Oto\u00f1o\">[+] <\/a><\/div>\n","protected":false},"author":1,"featured_media":61647,"comment_status":"open","ping_status":"open","sticky":false,"template":"","format":"standard","meta":{"footnotes":""},"categories":[18,128,8,10,3,45],"tags":[5952],"class_list":{"0":"post-61641","1":"post","2":"type-post","3":"status-publish","4":"format-standard","5":"has-post-thumbnail","7":"category-bunol","8":"category-infraestructuras","9":"category-la-comarca","10":"category-la-hoya","11":"category-seccion","12":"category-ventana","13":"tag-la-hoya-de-bunol-chiva"},"_links":{"self":[{"href":"https:\/\/www.tucomarca.com\/wordpress\/segunda\/wp-json\/wp\/v2\/posts\/61641","targetHints":{"allow":["GET"]}}],"collection":[{"href":"https:\/\/www.tucomarca.com\/wordpress\/segunda\/wp-json\/wp\/v2\/posts"}],"about":[{"href":"https:\/\/www.tucomarca.com\/wordpress\/segunda\/wp-json\/wp\/v2\/types\/post"}],"author":[{"embeddable":true,"href":"https:\/\/www.tucomarca.com\/wordpress\/segunda\/wp-json\/wp\/v2\/users\/1"}],"replies":[{"embeddable":true,"href":"https:\/\/www.tucomarca.com\/wordpress\/segunda\/wp-json\/wp\/v2\/comments?post=61641"}],"version-history":[{"count":0,"href":"https:\/\/www.tucomarca.com\/wordpress\/segunda\/wp-json\/wp\/v2\/posts\/61641\/revisions"}],"wp:featuredmedia":[{"embeddable":true,"href":"https:\/\/www.tucomarca.com\/wordpress\/segunda\/wp-json\/wp\/v2\/media\/61647"}],"wp:attachment":[{"href":"https:\/\/www.tucomarca.com\/wordpress\/segunda\/wp-json\/wp\/v2\/media?parent=61641"}],"wp:term":[{"taxonomy":"category","embeddable":true,"href":"https:\/\/www.tucomarca.com\/wordpress\/segunda\/wp-json\/wp\/v2\/categories?post=61641"},{"taxonomy":"post_tag","embeddable":true,"href":"https:\/\/www.tucomarca.com\/wordpress\/segunda\/wp-json\/wp\/v2\/tags?post=61641"}],"curies":[{"name":"wp","href":"https:\/\/api.w.org\/{rel}","templated":true}]}}