{"id":61653,"date":"2017-10-31T09:52:07","date_gmt":"2017-10-31T07:52:07","guid":{"rendered":"http:\/\/www.tucomarca.com\/wordpress\/segunda\/?p=61653"},"modified":"2017-10-31T09:52:07","modified_gmt":"2017-10-31T07:52:07","slug":"un-centenar-de-vecinos-de-navarres-y-fortaleny-visitan-la-diputacion-de-valencia","status":"publish","type":"post","link":"https:\/\/www.tucomarca.com\/wordpress\/segunda\/un-centenar-de-vecinos-de-navarres-y-fortaleny-visitan-la-diputacion-de-valencia\/","title":{"rendered":"Un centenar de vecinos de Navarr\u00e9s y Fortaleny visitan la Diputaci\u00f3n de Valencia"},"content":{"rendered":"<figure id=\"attachment_61654\" aria-describedby=\"caption-attachment-61654\" style=\"width: 4592px\" class=\"wp-caption alignleft\"><img loading=\"lazy\" decoding=\"async\" class=\"size-full wp-image-61654\" src=\"https:\/\/www.tucomarca.com\/wordpress\/segunda\/wp-content\/uploads\/2017\/10\/FortalenyNavarres.jpg\" alt=\"Vecinos de Fortaleny y Navarr\u00e9s durante su visita a la Diputaci\u00f3n.\" width=\"4592\" height=\"3056\" srcset=\"https:\/\/www.tucomarca.com\/wordpress\/segunda\/wp-content\/uploads\/2017\/10\/FortalenyNavarres.jpg 4592w, https:\/\/www.tucomarca.com\/wordpress\/segunda\/wp-content\/uploads\/2017\/10\/FortalenyNavarres-300x200.jpg 300w, https:\/\/www.tucomarca.com\/wordpress\/segunda\/wp-content\/uploads\/2017\/10\/FortalenyNavarres-768x511.jpg 768w, https:\/\/www.tucomarca.com\/wordpress\/segunda\/wp-content\/uploads\/2017\/10\/FortalenyNavarres-1024x681.jpg 1024w\" sizes=\"auto, (max-width: 4592px) 100vw, 4592px\" \/><figcaption id=\"caption-attachment-61654\" class=\"wp-caption-text\">Vecinos de Fortaleny y Navarr\u00e9s durante su visita a la Diputaci\u00f3n.<\/figcaption><\/figure>\n<p>Un centenar de vecinos y vecinas de las localidades de Navarr\u00e9s y Fortaleny han visitado este lunes los edificios de la Diputaci\u00f3n de Valencia, una actividad en la que ha estado presente la alcaldesa de Navarr\u00e9s, Estela Daroca, y la presidenta de Amas de Casa de Fortaleny, Josefina Guillem.<\/p>\n<p>Los visitantes han ocupado los esca\u00f1os de los diputados para escuchar las explicaciones sobre el funcionamiento de la instituci\u00f3n, una iniciativa que la Corporaci\u00f3n provincial organiza con el objetivo de que la ciudadan\u00eda valenciana conozca \u201cel rico patrimonio de la instituci\u00f3n, as\u00ed como mantener una vida activa y saludable\u201d, en palabras de Mercedes Berenguer, diputada de Bienestar Social.<\/p>\n<p><strong>Una ruta hist\u00f3rica e institucional<\/strong><\/p>\n<p>El componente cultural del programa A\u00e7\u00f2 \u00e9s la Dipu es el factor dominante en estas visitas, que arrancan en la calle Navellos y tienen como paradas los palacios de Batlia y l\u2019Escala, los jardines del antiguo Hospital General de Valencia, el Centre Cultural la Benefic\u00e8ncia y el Instituto Valenciano de Audiofonolog\u00eda (IVAF).<\/p>\n<p>As\u00ed, los participantes tienen la oportunidad de conocer la historia y el funcionamiento de la Diputaci\u00f3n como instituci\u00f3n, las caracter\u00edsticas arquitect\u00f3nicas de los edificios que componen la sede principal, ubicada en la plaza Manises, y descubrir algunos retazos de la historia de Valencia y su centro hist\u00f3rico, desde el siglo XV hasta ahora.<\/p>\n<p>Con esta iniciativa, desde el \u00e1rea del Bienestar Social de la Diputaci\u00f3n \u201cquer\u00edamos que la gente conociera el entorno hist\u00f3rico de los edificios que componen la Diputaci\u00f3n, contando cu\u00e1ndo se hicieron, en qu\u00e9 contexto y con qu\u00e9 finalidad, y despu\u00e9s, l\u00f3gicamente, que conocieran su interior\u201d, ha explicado Mercedes Berenguer. Las visitas continuar\u00e1n todos los lunes, martes y jueves hasta el final del mes de noviembre.<\/p>\n","protected":false},"excerpt":{"rendered":"<div class=\"mh-excerpt\">Un centenar de vecinos y vecinas de las localidades de Navarr\u00e9s y Fortaleny han visitado este lunes los edificios de la Diputaci\u00f3n de Valencia, una actividad en la que ha estado presente la alcaldesa de <a class=\"mh-excerpt-more\" href=\"https:\/\/www.tucomarca.com\/wordpress\/segunda\/un-centenar-de-vecinos-de-navarres-y-fortaleny-visitan-la-diputacion-de-valencia\/\" title=\"Un centenar de vecinos de Navarr\u00e9s y Fortaleny visitan la Diputaci\u00f3n de Valencia\">[+] <\/a><\/div>\n","protected":false},"author":1,"featured_media":61654,"comment_status":"open","ping_status":"open","sticky":false,"template":"","format":"standard","meta":{"footnotes":""},"categories":[70,8,270,3],"tags":[204,1452],"class_list":{"0":"post-61653","1":"post","2":"type-post","3":"status-publish","4":"format-standard","5":"has-post-thumbnail","7":"category-la-canal-de-navarres","8":"category-la-comarca","9":"category-navarres","10":"category-seccion","11":"tag-diputacion","12":"tag-la-canal-de-navarres-2"},"_links":{"self":[{"href":"https:\/\/www.tucomarca.com\/wordpress\/segunda\/wp-json\/wp\/v2\/posts\/61653","targetHints":{"allow":["GET"]}}],"collection":[{"href":"https:\/\/www.tucomarca.com\/wordpress\/segunda\/wp-json\/wp\/v2\/posts"}],"about":[{"href":"https:\/\/www.tucomarca.com\/wordpress\/segunda\/wp-json\/wp\/v2\/types\/post"}],"author":[{"embeddable":true,"href":"https:\/\/www.tucomarca.com\/wordpress\/segunda\/wp-json\/wp\/v2\/users\/1"}],"replies":[{"embeddable":true,"href":"https:\/\/www.tucomarca.com\/wordpress\/segunda\/wp-json\/wp\/v2\/comments?post=61653"}],"version-history":[{"count":0,"href":"https:\/\/www.tucomarca.com\/wordpress\/segunda\/wp-json\/wp\/v2\/posts\/61653\/revisions"}],"wp:featuredmedia":[{"embeddable":true,"href":"https:\/\/www.tucomarca.com\/wordpress\/segunda\/wp-json\/wp\/v2\/media\/61654"}],"wp:attachment":[{"href":"https:\/\/www.tucomarca.com\/wordpress\/segunda\/wp-json\/wp\/v2\/media?parent=61653"}],"wp:term":[{"taxonomy":"category","embeddable":true,"href":"https:\/\/www.tucomarca.com\/wordpress\/segunda\/wp-json\/wp\/v2\/categories?post=61653"},{"taxonomy":"post_tag","embeddable":true,"href":"https:\/\/www.tucomarca.com\/wordpress\/segunda\/wp-json\/wp\/v2\/tags?post=61653"}],"curies":[{"name":"wp","href":"https:\/\/api.w.org\/{rel}","templated":true}]}}