{"id":6169,"date":"2012-08-07T10:30:33","date_gmt":"2012-08-07T08:30:33","guid":{"rendered":"http:\/\/www.tucomarca.com\/wordpress\/segunda\/?p=6169"},"modified":"2012-08-07T11:17:52","modified_gmt":"2012-08-07T09:17:52","slug":"marines-dos-aguas-y-cortes-ampliaran-sus-cementerios-con-ayuda-de-la-diputacion","status":"publish","type":"post","link":"https:\/\/www.tucomarca.com\/wordpress\/segunda\/marines-dos-aguas-y-cortes-ampliaran-sus-cementerios-con-ayuda-de-la-diputacion\/","title":{"rendered":"Marines, Dos Aguas y Cortes ampliar\u00e1n sus cementerios con ayuda de la Diputaci\u00f3n"},"content":{"rendered":"<p>La Diputaci\u00f3n de Valencia ha impulsado 19 proyectos de mejora de  cementerios y construcci\u00f3n de nichos en diferentes pueblos y aldeas de  la provincia. A trav\u00e9s del Plan Provincial de Obras y Servicios de la  corporaci\u00f3n provincial se han beneficiado 17 pueblos de las comarcas de  con un valor total de 1.096.750 euros.<\/p>\n<div>\n<p>El Plan Provincial de Obras y Servicios 2012 cuenta con la  participaci\u00f3n de los ayuntamientos quienes sufragan el 5% de las  acciones. Las subvenciones son para concluir proyectos o realizar otros  inexistentes hasta entonces seg\u00fan el criterio de cada uno de los  responsables locales, quienes los propusieron en su d\u00eda a la Diputaci\u00f3n.<\/p>\n<p>Mediante el Plan de N\u00facleos de la Diputaci\u00f3n de Valencia, este a\u00f1o  las dos aldeas que han recibido ayudas para mejorar las infraestructuras  en cementerios y nichos, pertenecen al municipio de Cortes de Pall\u00e1s,  porque ya cuentan con un cementerio propio. Para la realizaci\u00f3n de estos  dos proyectos la instituci\u00f3n provincial ha destinado 34.000 euros.<\/p>\n<p>La construcci\u00f3n de edificios para velatorios, el acondicionamiento de  los accesos al cementerio y su ampliaci\u00f3n son algunos de los trabajos  que se est\u00e1n realizando gracias a los planes provinciales que los  subvencionan.<\/p>\n<p><strong>Dotaciones del Plan de N\u00facleos:<\/strong><\/p>\n<p>Cortes de Pall\u00e1s (El Oro) 17.000 euros<br \/>\nCortes de Pall\u00e1s (Venta Gaeta) 17.000 euros<\/p>\n<p>TOTAL 34.000<\/p>\n<p><strong>Dotaciones del Plan Provincial de Obras y Servicios:<\/strong><\/p>\n<p>Marines 26.040 euros<br \/>\nLlanera de Ranes 39.345 euros<br \/>\nVallada 64.350 euros<br \/>\nAlcublas 45.182 euros<br \/>\nDome\u00f1o 48.469 euros<br \/>\nAlbalat dels Sorells 64.425 euros<br \/>\nTavernes Blanques 98.475 euros<br \/>\nDos Aguas 55.575 euros<br \/>\nGodelleta 54.990 euros<br \/>\nAielo de Malferit 66.195 euros<br \/>\nLlutxent 46.500 euros<br \/>\nL\u2019Alc\u00fadia 98.328 euros<br \/>\nAlgemes\u00ed 144.780 euros<br \/>\nBenifai\u00f3 93.036 euros<br \/>\nCarlet 100.057,35 euros<br \/>\nAlgar de Palancia 9.392,80 euros<br \/>\nTorres Torres 41.610 euros<\/p>\n<p>TOTAL 1.096.750<\/p>\n<\/div>\n","protected":false},"excerpt":{"rendered":"<div class=\"mh-excerpt\">La Diputaci\u00f3n de Valencia ha impulsado 19 proyectos de mejora de cementerios y construcci\u00f3n de nichos en diferentes pueblos y aldeas de la provincia. A trav\u00e9s del Plan Provincial de Obras y Servicios de la <a class=\"mh-excerpt-more\" href=\"https:\/\/www.tucomarca.com\/wordpress\/segunda\/marines-dos-aguas-y-cortes-ampliaran-sus-cementerios-con-ayuda-de-la-diputacion\/\" title=\"Marines, Dos Aguas y Cortes ampliar\u00e1n sus cementerios con ayuda de la Diputaci\u00f3n\">[+] <\/a><\/div>\n","protected":false},"author":1,"featured_media":0,"comment_status":"open","ping_status":"open","sticky":false,"template":"","format":"standard","meta":{"footnotes":""},"categories":[38,46,40,15,14,128,8,10,179,3],"tags":[],"class_list":{"0":"post-6169","1":"post","2":"type-post","3":"status-publish","4":"format-standard","6":"category-ayora-cofrentes","7":"category-camp-de-turia","8":"category-cortes-de-pallas","9":"category-dos-aguas","10":"category-godelleta","11":"category-infraestructuras","12":"category-la-comarca","13":"category-la-hoya","14":"category-marines","15":"category-seccion"},"_links":{"self":[{"href":"https:\/\/www.tucomarca.com\/wordpress\/segunda\/wp-json\/wp\/v2\/posts\/6169","targetHints":{"allow":["GET"]}}],"collection":[{"href":"https:\/\/www.tucomarca.com\/wordpress\/segunda\/wp-json\/wp\/v2\/posts"}],"about":[{"href":"https:\/\/www.tucomarca.com\/wordpress\/segunda\/wp-json\/wp\/v2\/types\/post"}],"author":[{"embeddable":true,"href":"https:\/\/www.tucomarca.com\/wordpress\/segunda\/wp-json\/wp\/v2\/users\/1"}],"replies":[{"embeddable":true,"href":"https:\/\/www.tucomarca.com\/wordpress\/segunda\/wp-json\/wp\/v2\/comments?post=6169"}],"version-history":[{"count":0,"href":"https:\/\/www.tucomarca.com\/wordpress\/segunda\/wp-json\/wp\/v2\/posts\/6169\/revisions"}],"wp:attachment":[{"href":"https:\/\/www.tucomarca.com\/wordpress\/segunda\/wp-json\/wp\/v2\/media?parent=6169"}],"wp:term":[{"taxonomy":"category","embeddable":true,"href":"https:\/\/www.tucomarca.com\/wordpress\/segunda\/wp-json\/wp\/v2\/categories?post=6169"},{"taxonomy":"post_tag","embeddable":true,"href":"https:\/\/www.tucomarca.com\/wordpress\/segunda\/wp-json\/wp\/v2\/tags?post=6169"}],"curies":[{"name":"wp","href":"https:\/\/api.w.org\/{rel}","templated":true}]}}