{"id":61717,"date":"2017-10-31T20:00:10","date_gmt":"2017-10-31T18:00:10","guid":{"rendered":"http:\/\/www.tucomarca.com\/wordpress\/segunda\/?p=61717"},"modified":"2017-10-31T20:00:10","modified_gmt":"2017-10-31T18:00:10","slug":"la-diputacio-invertira-200-000-euros-en-el-consorci-ribera-valldigna-per-a-la-modernitzacio-del-sistema-de-recollida-i-gestio-selectiva-de-residus","status":"publish","type":"post","link":"https:\/\/www.tucomarca.com\/wordpress\/segunda\/la-diputacio-invertira-200-000-euros-en-el-consorci-ribera-valldigna-per-a-la-modernitzacio-del-sistema-de-recollida-i-gestio-selectiva-de-residus\/","title":{"rendered":"La Diputaci\u00f3 invertir\u00e0 200.000 euros en el Consorci Ribera-Valldigna per a la modernitzaci\u00f3 del sistema de recollida i gesti\u00f3 selectiva de residus"},"content":{"rendered":"<figure id=\"attachment_61718\" aria-describedby=\"caption-attachment-61718\" style=\"width: 2362px\" class=\"wp-caption alignleft\"><img loading=\"lazy\" decoding=\"async\" class=\"size-full wp-image-61718\" src=\"https:\/\/www.tucomarca.com\/wordpress\/segunda\/wp-content\/uploads\/2017\/10\/LaRiberaecoparq.jpg\" alt=\"Bort y Amig\u00f3 tras la rueda prensa sobre el Plan de Mejora ecoparques en Guadassuar.\" width=\"2362\" height=\"1535\" srcset=\"https:\/\/www.tucomarca.com\/wordpress\/segunda\/wp-content\/uploads\/2017\/10\/LaRiberaecoparq.jpg 2362w, https:\/\/www.tucomarca.com\/wordpress\/segunda\/wp-content\/uploads\/2017\/10\/LaRiberaecoparq-300x195.jpg 300w, https:\/\/www.tucomarca.com\/wordpress\/segunda\/wp-content\/uploads\/2017\/10\/LaRiberaecoparq-768x499.jpg 768w, https:\/\/www.tucomarca.com\/wordpress\/segunda\/wp-content\/uploads\/2017\/10\/LaRiberaecoparq-1024x665.jpg 1024w\" sizes=\"auto, (max-width: 2362px) 100vw, 2362px\" \/><figcaption id=\"caption-attachment-61718\" class=\"wp-caption-text\">Bort y Amig\u00f3 tras la rueda prensa sobre el Plan de Mejora ecoparques en Guadassuar.<\/figcaption><\/figure>\n<p>La Diputaci\u00f3 de Val\u00e8ncia, a trav\u00e9s de l\u2019\u00c0rea de Medi Ambient, invertir\u00e0 200.000 euros en el Consorci Ribera-Valldigna (V4) per a sufragar actuacions de modernitzaci\u00f3 en la recollida i la gesti\u00f3 selectiva dels residus. Aquesta inversi\u00f3 s\u2019emmarca dintre del Pla de Millora d\u2019Ecoparcs, el qual compta amb una dotaci\u00f3 global d\u20191.200.000 euros, i es desenvolupar\u00e0 mitjan\u00e7ant la col\u00b7laboraci\u00f3 establerta entre la Corporaci\u00f3 provincial i la Generalitat. Aquest programa ha estat presentat per la vicepresidenta de la Diputaci\u00f3 de Val\u00e8ncia, Maria Josep Amig\u00f3; el diputat de Medi Ambient, Josep Bort; i l\u2019alcalde de Guadassuar, Salvador Monta\u00f1ana, en un acte celebrat a la Planta de Tractament de Residus d\u2019aquesta localitat de la Ribera Alta.<\/p>\n<p>Maria Josep Amig\u00f3 ha incidit en que aquest projecte \u00abd\u00f3na continu\u00eftat a la l\u00ednia de col\u00b7laboraci\u00f3 interinstitucional encetada per part de la Diputaci\u00f3 de Val\u00e8ncia i el Consell, amb l\u2019objectiu d\u2019impulsar iniciatives conjuntes que milloren la gesti\u00f3 i l\u2019efic\u00e0cia de les pol\u00edtiques p\u00fabliques\u00bb.<\/p>\n<p>Els usos que va a poder realitzar cada Consorci amb les aportacions del Pla de Millora d\u2019Ecoparcs resulten molt diversos i cada organisme podr\u00e0 escollir entre aquells que m\u00e9s s\u2019ajusten a les seues necessitats. No obstant aix\u00f2, la vicepresidenta ha avan\u00e7at que les principals actuacions \u00abaniran relacionades amb la informatitzaci\u00f3 de les xarxes d\u2019ecoparcs, que permetran, entre altres q\u00fcestions, la implantaci\u00f3 d\u2019equips que incentiven econ\u00f2micament a la ciutadania en la recollida selectiva de residus\u00bb.<\/p>\n<p>Tamb\u00e9 es podran fer servir aquests recursos per millorar els processos de gesti\u00f3 i tractament dels residus, adquirir equipament o terrenys \u2013tant pel que fa a les plantes de tractament com als ecoparcs\u2013, o per a la millora dels accessos. \u00abUn conjunt d\u2019accions orientades, totes elles, a seguir caminant cap a la sostenibilitat ambiental arreu del nostre territori\u00bb, ha emfatitzat la vicepresidenta.<\/p>\n<p><strong>Qui m\u00e9s recicla, menys paga<\/strong><\/p>\n<p>El diputat de Medi Ambient, Josep Bort, ha destacat que mitjan\u00e7ant la presentaci\u00f3 d\u2019aquest Pla \u00abaconseguim donar un impuls inversor perqu\u00e8 les infraestructures oferisquen una millor resposta a les necessitats de la ciutadania i davant la preservaci\u00f3 del medi ambient\u00bb.<\/p>\n<p>Josep Bort ha detallat que el repartiment dels recursos que aporta la Diputaci\u00f3 a aquest Pla de Millora d\u2019Ecoparcs es distribuir\u00e0 entre els cinc Consorcis de Residus que operen a les comarques de Val\u00e8ncia \u00abatenent a criteris estrictament objectius\u00bb. En concret, aquests par\u00e0metres seran el volum de poblaci\u00f3 a la qual presten servei; la participaci\u00f3 de la Diputaci\u00f3 de Val\u00e8ncia en el Consorci; l\u2019\u00f2ptima gesti\u00f3 dels residus mitjan\u00e7ant la comptabilitzaci\u00f3 del rebuig a l\u2019abocador; la col\u00b7laboraci\u00f3 o no amb altres Consorcis; i la disponibilitat d\u2019infraestructures com a s\u00edmptoma de bona gesti\u00f3.<\/p>\n<p>Aquest proc\u00e9s de modernitzaci\u00f3 i digitalitzaci\u00f3 del servei de tractament i recollida dels residus s\u00f2lids urbans \u00abpermetr\u00e0 documentar el volum i la freq\u00fc\u00e8ncia amb qu\u00e8 cada usuari recicla, introduint bonificacions fiscals i reduccions en les taxes abonades per la ciutadania en funci\u00f3 de la seua contribuci\u00f3 al reciclatge. Qui m\u00e9s recicle, menys pagar\u00e0\u00bb, ha apuntat Josep Bort.<\/p>\n<p>El responsable de l\u2019\u00c0rea de Medi Ambient, tamb\u00e9 ha detallat que entre els beneficis directes que percebr\u00e0 la ciutadania \u00abes troba la reducci\u00f3 del cost d\u2019amortitzaci\u00f3 de les infraestructures, com tamb\u00e9 el cost resultant de la gesti\u00f3 i el tractament dels residus que apareix reflectit en la taxa\u00bb. Aix\u00ed mateix, \u00aben la mesura que el sistema de recollida de residus siga m\u00e9s eficient i selectiva, permetr\u00e0 reduir la despesa derivada del transport dels residus als abocadors\u00bb, ha concl\u00f2s Bort.<\/p>\n<p>Per la seua part, l\u2019alcalde de Guadassuar, Salvador Monta\u00f1ana, ha recordat que la Planta de Tractament de Residus d\u2019aquesta localitat \u00abcompleix el seu primer aniversari\u00bb, alhora que ha explicat que el Consorci Ribera \u2013 Valldigna \u00abha prioritzat, fins ara, destinar els recursos existents a la dotaci\u00f3 d\u2019aquesta infraestructura\u00bb. No obstant, Monta\u00f1ana \u00a0ha avan\u00e7at que el seg\u00fcent pas \u00abser\u00e0 treballar en el proc\u00e9s d\u2019informatitzaci\u00f3 de recollida i gesti\u00f3 selectiva dels residus i, m\u00e9s en concret, en la informatitzaci\u00f3 dels 26 ecoparcs i un addicional m\u00f2bil que gestiona actualment el Consorci\u00bb.<\/p>\n<p>En aquest sentit, l\u2019alcalde de Guadassuar ha agra\u00eft el fet de disposar \u00abd\u2019aquesta nova ajuda econ\u00f2mica, la qual ens permetr\u00e0 donar un pas m\u00e9s en la gesti\u00f3 dels residus s\u00f2lids urbans i afrontar el repte de la informatitzaci\u00f3 dels ecoparcs\u00bb, ha subratllat.<\/p>\n<p><strong>52 localitats adherides<\/strong><\/p>\n<p>El Consorci de Residus Ribera \u2013 Valldigna presta serveis de tractament de residus s\u00f2lids urbans i gesti\u00f3 d\u2019ecoparcs a un total de 52 localitats. Entre aquestes, es troben els municipis d\u2019Albalat de la Ribera, Alberic, Alc\u00e0ntera de X\u00faquer, Alfarp, Algemes\u00ed, Alginet, Almussafes, Alzira, Antella, Barx, Beneixida, Benicull de X\u00faquer, Benifai\u00f3, Benifair\u00f3 de la Valldigna, Benimodo, Benimuslem, C\u00e0rcer, Carcaixent, Carlet, Catadau, Corbera, Cotes, Cullera, El Perell\u00f3, Favara, Fortaleny, Gavarda, Guadassuar, l\u2019Alc\u00fadia, L\u2019\u00c8nova, la Pobla Llarga, Llaur\u00ed, Llombai, Manuel, Massalav\u00e9s, Montroi, Montserrat, Poliny\u00e0 del X\u00faquer, Rafelguaraf, Real de Montroi, Riola, Sant Joanet, Sellent, Senyera, Simat de la Valldigna, Sollana, Sueca, Sumac\u00e0rcer, Tavernes de la Valldigna, Tous, Tur\u00eds i Villanueva de Castell\u00f3n.<\/p>\n","protected":false},"excerpt":{"rendered":"<div class=\"mh-excerpt\">La Diputaci\u00f3 de Val\u00e8ncia, a trav\u00e9s de l\u2019\u00c0rea de Medi Ambient, invertir\u00e0 200.000 euros en el Consorci Ribera-Valldigna (V4) per a sufragar actuacions de modernitzaci\u00f3 en la recollida i la gesti\u00f3 selectiva dels residus. Aquesta <a class=\"mh-excerpt-more\" href=\"https:\/\/www.tucomarca.com\/wordpress\/segunda\/la-diputacio-invertira-200-000-euros-en-el-consorci-ribera-valldigna-per-a-la-modernitzacio-del-sistema-de-recollida-i-gestio-selectiva-de-residus\/\" title=\"La Diputaci\u00f3 invertir\u00e0 200.000 euros en el Consorci Ribera-Valldigna per a la modernitzaci\u00f3 del sistema de recollida i gesti\u00f3 selectiva de residus\">[+] <\/a><\/div>\n","protected":false},"author":1,"featured_media":61718,"comment_status":"open","ping_status":"open","sticky":false,"template":"","format":"standard","meta":{"footnotes":""},"categories":[128,8,72,42,142,3,45],"tags":[204,3640,1259],"class_list":{"0":"post-61717","1":"post","2":"type-post","3":"status-publish","4":"format-standard","5":"has-post-thumbnail","7":"category-infraestructuras","8":"category-la-comarca","9":"category-sin-categorizar","10":"category-la-ribera","11":"category-politica-la-comarca","12":"category-seccion","13":"category-ventana","14":"tag-diputacion","15":"tag-la-ribera-alta","16":"tag-residuos"},"_links":{"self":[{"href":"https:\/\/www.tucomarca.com\/wordpress\/segunda\/wp-json\/wp\/v2\/posts\/61717","targetHints":{"allow":["GET"]}}],"collection":[{"href":"https:\/\/www.tucomarca.com\/wordpress\/segunda\/wp-json\/wp\/v2\/posts"}],"about":[{"href":"https:\/\/www.tucomarca.com\/wordpress\/segunda\/wp-json\/wp\/v2\/types\/post"}],"author":[{"embeddable":true,"href":"https:\/\/www.tucomarca.com\/wordpress\/segunda\/wp-json\/wp\/v2\/users\/1"}],"replies":[{"embeddable":true,"href":"https:\/\/www.tucomarca.com\/wordpress\/segunda\/wp-json\/wp\/v2\/comments?post=61717"}],"version-history":[{"count":0,"href":"https:\/\/www.tucomarca.com\/wordpress\/segunda\/wp-json\/wp\/v2\/posts\/61717\/revisions"}],"wp:featuredmedia":[{"embeddable":true,"href":"https:\/\/www.tucomarca.com\/wordpress\/segunda\/wp-json\/wp\/v2\/media\/61718"}],"wp:attachment":[{"href":"https:\/\/www.tucomarca.com\/wordpress\/segunda\/wp-json\/wp\/v2\/media?parent=61717"}],"wp:term":[{"taxonomy":"category","embeddable":true,"href":"https:\/\/www.tucomarca.com\/wordpress\/segunda\/wp-json\/wp\/v2\/categories?post=61717"},{"taxonomy":"post_tag","embeddable":true,"href":"https:\/\/www.tucomarca.com\/wordpress\/segunda\/wp-json\/wp\/v2\/tags?post=61717"}],"curies":[{"name":"wp","href":"https:\/\/api.w.org\/{rel}","templated":true}]}}