{"id":61729,"date":"2017-10-31T20:18:35","date_gmt":"2017-10-31T18:18:35","guid":{"rendered":"http:\/\/www.tucomarca.com\/wordpress\/segunda\/?p=61729"},"modified":"2017-10-31T20:18:35","modified_gmt":"2017-10-31T18:18:35","slug":"el-ayuntamiento-de-cheste-destina-100-000-euros-a-becas-para-estudiantes-de-formacion-profesional","status":"publish","type":"post","link":"https:\/\/www.tucomarca.com\/wordpress\/segunda\/el-ayuntamiento-de-cheste-destina-100-000-euros-a-becas-para-estudiantes-de-formacion-profesional\/","title":{"rendered":"El Ayuntamiento de Cheste destina 100.000 euros a becas para  estudiantes de formaci\u00f3n profesional"},"content":{"rendered":"<figure id=\"attachment_61730\" aria-describedby=\"caption-attachment-61730\" style=\"width: 1280px\" class=\"wp-caption alignleft\"><img loading=\"lazy\" decoding=\"async\" class=\"size-full wp-image-61730\" src=\"https:\/\/www.tucomarca.com\/wordpress\/segunda\/wp-content\/uploads\/2017\/10\/Chestebecas.png\" alt=\"En la reuni\u00f3n de ayer, la concejala explic\u00f3 el funcionamiento de la beca y record\u00f3 a los estudiantes que deben mantener un buen rendimiento acad\u00e9mico y un buen comportamiento en las pr\u00e1cticas.\" width=\"1280\" height=\"853\" srcset=\"https:\/\/www.tucomarca.com\/wordpress\/segunda\/wp-content\/uploads\/2017\/10\/Chestebecas.png 1280w, https:\/\/www.tucomarca.com\/wordpress\/segunda\/wp-content\/uploads\/2017\/10\/Chestebecas-300x200.png 300w, https:\/\/www.tucomarca.com\/wordpress\/segunda\/wp-content\/uploads\/2017\/10\/Chestebecas-768x512.png 768w, https:\/\/www.tucomarca.com\/wordpress\/segunda\/wp-content\/uploads\/2017\/10\/Chestebecas-1024x682.png 1024w\" sizes=\"auto, (max-width: 1280px) 100vw, 1280px\" \/><figcaption id=\"caption-attachment-61730\" class=\"wp-caption-text\">En la reuni\u00f3n de ayer, la concejala explic\u00f3 el funcionamiento de la beca y record\u00f3 a los estudiantes que deben mantener un buen rendimiento acad\u00e9mico y un buen comportamiento en las pr\u00e1cticas.<\/figcaption><\/figure>\n<p>Ayer la concejala de Educaci\u00f3n, M\u00aa \u00c1ngeles Llorente, recibi\u00f3 en el sal\u00f3n de Plenos del Ayuntamiento a los 16 beneficiarios de las becas formativas para estudiantes de formaci\u00f3n profesionales de Edificaci\u00f3n y Obra Civil y Agraria.<\/p>\n<p>Estas becas est\u00e1n financiadas por el Ayuntamiento de Cheste con una dotaci\u00f3n de 100.000 euros y van dirigidas a estudiantes de entre 16 y 65 a\u00f1os que cursan en 2017\/2018 ciclos formativos o cursos de Formaci\u00f3n Profesional B\u00e1sica, Grado Medio de F.P. o Grado Superior de F.P. de las familias profesionales objeto de las becas.<\/p>\n<p>\u201cEste es un proyecto de continuidad que se inici\u00f3 en la legislatura anterior y que cuenta con la aprobaci\u00f3n de todo el Consistorio\u201d, apunta M\u00aa \u00c1ngeles Llorente. \u201cSe trata de una experiencia singular de apoyo al empleo y al estudio, un proyecto con el que se vincula la formaci\u00f3n con el empleo, a la vez que se ofrece una dotaci\u00f3n econ\u00f3mica a los estudiantes que reciben la beca\u201d.<\/p>\n<p>La duraci\u00f3n m\u00e1xima de estas becas es de 10 meses y durante ese periodo de tiempo los estudiantes realizar\u00e1n pr\u00e1cticas formativas en el Ayuntamiento de Cheste, con supervisi\u00f3n de su empleados y empleadas o de responsables de empresas contratadas por el Consistorio. La dedicaci\u00f3n de las personas becadas ser\u00e1 de, como m\u00ednimo, 16 horas semanales, con una asignaci\u00f3n bruta mensual de 480 euros por mes completo.<\/p>\n<p>En la reuni\u00f3n de ayer, la concejala explic\u00f3 el funcionamiento de la beca y record\u00f3 a los estudiantes que deben mantener un buen rendimiento acad\u00e9mico y un buen comportamiento en las pr\u00e1cticas, ya que, seg\u00fan dictan las bases, el informe desfavorable en cualquiera esos aspectos puede implicar la p\u00e9rdida de la beca y, en consecuencia, la no percepci\u00f3n de la cantidad econ\u00f3mica con que se dota la misma. \u201cQue pod\u00e1is disfrutar de estas becas es un privilegio\u201d, afirmaba Llorente, \u201cas\u00ed que os invito a aprovechar la experiencia al m\u00e1ximo\u201d.<\/p>\n","protected":false},"excerpt":{"rendered":"<div class=\"mh-excerpt\">Ayer la concejala de Educaci\u00f3n, M\u00aa \u00c1ngeles Llorente, recibi\u00f3 en el sal\u00f3n de Plenos del Ayuntamiento a los 16 beneficiarios de las becas formativas para estudiantes de formaci\u00f3n profesionales de Edificaci\u00f3n y Obra Civil y <a class=\"mh-excerpt-more\" href=\"https:\/\/www.tucomarca.com\/wordpress\/segunda\/el-ayuntamiento-de-cheste-destina-100-000-euros-a-becas-para-estudiantes-de-formacion-profesional\/\" title=\"El Ayuntamiento de Cheste destina 100.000 euros a becas para  estudiantes de formaci\u00f3n profesional\">[+] <\/a><\/div>\n","protected":false},"author":1,"featured_media":61730,"comment_status":"open","ping_status":"open","sticky":false,"template":"","format":"standard","meta":{"footnotes":""},"categories":[17,10,7,3,45],"tags":[339,5952],"class_list":{"0":"post-61729","1":"post","2":"type-post","3":"status-publish","4":"format-standard","5":"has-post-thumbnail","7":"category-cheste","8":"category-la-hoya","9":"category-ocio-y-cultura","10":"category-seccion","11":"category-ventana","12":"tag-cheste-2","13":"tag-la-hoya-de-bunol-chiva"},"_links":{"self":[{"href":"https:\/\/www.tucomarca.com\/wordpress\/segunda\/wp-json\/wp\/v2\/posts\/61729","targetHints":{"allow":["GET"]}}],"collection":[{"href":"https:\/\/www.tucomarca.com\/wordpress\/segunda\/wp-json\/wp\/v2\/posts"}],"about":[{"href":"https:\/\/www.tucomarca.com\/wordpress\/segunda\/wp-json\/wp\/v2\/types\/post"}],"author":[{"embeddable":true,"href":"https:\/\/www.tucomarca.com\/wordpress\/segunda\/wp-json\/wp\/v2\/users\/1"}],"replies":[{"embeddable":true,"href":"https:\/\/www.tucomarca.com\/wordpress\/segunda\/wp-json\/wp\/v2\/comments?post=61729"}],"version-history":[{"count":0,"href":"https:\/\/www.tucomarca.com\/wordpress\/segunda\/wp-json\/wp\/v2\/posts\/61729\/revisions"}],"wp:featuredmedia":[{"embeddable":true,"href":"https:\/\/www.tucomarca.com\/wordpress\/segunda\/wp-json\/wp\/v2\/media\/61730"}],"wp:attachment":[{"href":"https:\/\/www.tucomarca.com\/wordpress\/segunda\/wp-json\/wp\/v2\/media?parent=61729"}],"wp:term":[{"taxonomy":"category","embeddable":true,"href":"https:\/\/www.tucomarca.com\/wordpress\/segunda\/wp-json\/wp\/v2\/categories?post=61729"},{"taxonomy":"post_tag","embeddable":true,"href":"https:\/\/www.tucomarca.com\/wordpress\/segunda\/wp-json\/wp\/v2\/tags?post=61729"}],"curies":[{"name":"wp","href":"https:\/\/api.w.org\/{rel}","templated":true}]}}