{"id":61822,"date":"2017-11-04T15:47:47","date_gmt":"2017-11-04T13:47:47","guid":{"rendered":"http:\/\/www.tucomarca.com\/wordpress\/segunda\/?p=61822"},"modified":"2017-11-04T15:47:47","modified_gmt":"2017-11-04T13:47:47","slug":"la-generalitat-estudia-la-ubicacio-dun-centre-de-dia-i-una-residencia-per-a-persones-amb-diversitat-funcional-en-lliria","status":"publish","type":"post","link":"https:\/\/www.tucomarca.com\/wordpress\/segunda\/la-generalitat-estudia-la-ubicacio-dun-centre-de-dia-i-una-residencia-per-a-persones-amb-diversitat-funcional-en-lliria\/","title":{"rendered":"La Generalitat estudia la ubicaci\u00f3 d&#8217;un centre de dia i una resid\u00e8ncia per a persones amb diversitat funcional en Lliria"},"content":{"rendered":"<figure id=\"attachment_61823\" aria-describedby=\"caption-attachment-61823\" style=\"width: 5184px\" class=\"wp-caption alignleft\"><img loading=\"lazy\" decoding=\"async\" class=\"size-full wp-image-61823\" src=\"https:\/\/www.tucomarca.com\/wordpress\/segunda\/wp-content\/uploads\/2017\/11\/Lliria.jpg\" alt=\"Durant la trobada, Oltra els ha indicat que la Conselleria est\u00e0 treballant perqu\u00e8 aquest centre forme part del Pla d'Infraestructures de la Diputaci\u00f3 de Val\u00e8ncia.\" width=\"5184\" height=\"3888\" srcset=\"https:\/\/www.tucomarca.com\/wordpress\/segunda\/wp-content\/uploads\/2017\/11\/Lliria.jpg 5184w, https:\/\/www.tucomarca.com\/wordpress\/segunda\/wp-content\/uploads\/2017\/11\/Lliria-300x225.jpg 300w, https:\/\/www.tucomarca.com\/wordpress\/segunda\/wp-content\/uploads\/2017\/11\/Lliria-768x576.jpg 768w, https:\/\/www.tucomarca.com\/wordpress\/segunda\/wp-content\/uploads\/2017\/11\/Lliria-1024x768.jpg 1024w\" sizes=\"auto, (max-width: 5184px) 100vw, 5184px\" \/><figcaption id=\"caption-attachment-61823\" class=\"wp-caption-text\">Durant la trobada, Oltra els ha indicat que la Conselleria est\u00e0 treballant perqu\u00e8 aquest centre forme part del Pla d&#8217;Infraestructures de la Diputaci\u00f3 de Val\u00e8ncia.<\/figcaption><\/figure>\n<p>La Conselleria de Igualdad y Pol\u00edticas Inclusivas est\u00e1 estudiando la ubicaci\u00f3n de un centro de d\u00eda y una residencia para personas con diversidad funcional en Lliria, que dar\u00e1 servicio a toda la comarca de Camp de T\u00faria.<\/p>\n<p>As\u00ed lo ha confirmado la vicepresidenta del Consell y consellera de Igualdad y Pol\u00edticas Inclusivas, M\u00f3nica Oltra, en la reuni\u00f3n que ha mantenido con representantes de la asociaci\u00f3n de familiares de usuarios del centro ocupacional de Lliria y con la futura regidora de Pol\u00edticas Inclusivas del ayuntamiento de la localidad, Vallivana Murgui Ortega.<\/p>\n<p>Durante el encuentro, Oltra les ha indicado que la Conselleria est\u00e1 trabajando para que este centro forme parte del Plan de Infraestructuras de la Diputaci\u00f3n de Valencia.<\/p>\n<p>A este respecto, la titular de Igualdad y Pol\u00edticas Inclusivas ha destacado la necesidad de colaborar entre instituciones para garantizar que todas las personas tengan los mismos derechos, independientemente del municipio en el que residan, de manera que las inversiones se realicen con criterios objetivos \u00aby no porque el alcalde es amigo\u00bb.<\/p>\n<p>En la actualidad, la localidad de Lliria cuenta con el centro ocupacional para personas con diversidad funcional, con 35 plazas, y una vivienda tutelada para personas con enfermedad mental, que cuenta con 7 plazas.<\/p>\n<p>Las subvenciones concedidas por parte de la Conselleria de Igualdad y Pol\u00edticas Inclusivas para los gastos de mantenimiento de estos centros ascienden a 605.000 euros, de los que 319.000 euros corresponden a la Vivienda Tutelada El Mas de Mussol y cerca de 286.000 al centro ocupacional \u00abEl Prat\u00bb.<\/p>\n<p>Por otra parte, la Conselleria ha concedido una subvenci\u00f3n de 8.630 euros en 2017 al Ayuntamiento de Lliria para llevar a cabo un programa de rehabilitaci\u00f3n psicosocial de personas con enfermedad mental.<\/p>\n","protected":false},"excerpt":{"rendered":"<div class=\"mh-excerpt\">La Conselleria de Igualdad y Pol\u00edticas Inclusivas est\u00e1 estudiando la ubicaci\u00f3n de un centro de d\u00eda y una residencia para personas con diversidad funcional en Lliria, que dar\u00e1 servicio a toda la comarca de Camp <a class=\"mh-excerpt-more\" href=\"https:\/\/www.tucomarca.com\/wordpress\/segunda\/la-generalitat-estudia-la-ubicacio-dun-centre-de-dia-i-una-residencia-per-a-persones-amb-diversitat-funcional-en-lliria\/\" title=\"La Generalitat estudia la ubicaci\u00f3 d&#8217;un centre de dia i una resid\u00e8ncia per a persones amb diversitat funcional en Lliria\">[+] <\/a><\/div>\n","protected":false},"author":1,"featured_media":61823,"comment_status":"open","ping_status":"open","sticky":false,"template":"","format":"standard","meta":{"footnotes":""},"categories":[46,128,8,47,142,45],"tags":[10395,10396],"class_list":{"0":"post-61822","1":"post","2":"type-post","3":"status-publish","4":"format-standard","5":"has-post-thumbnail","7":"category-camp-de-turia","8":"category-infraestructuras","9":"category-la-comarca","10":"category-lliria","11":"category-politica-la-comarca","12":"category-ventana","13":"tag-camp-de-turia","14":"tag-lliria"},"_links":{"self":[{"href":"https:\/\/www.tucomarca.com\/wordpress\/segunda\/wp-json\/wp\/v2\/posts\/61822","targetHints":{"allow":["GET"]}}],"collection":[{"href":"https:\/\/www.tucomarca.com\/wordpress\/segunda\/wp-json\/wp\/v2\/posts"}],"about":[{"href":"https:\/\/www.tucomarca.com\/wordpress\/segunda\/wp-json\/wp\/v2\/types\/post"}],"author":[{"embeddable":true,"href":"https:\/\/www.tucomarca.com\/wordpress\/segunda\/wp-json\/wp\/v2\/users\/1"}],"replies":[{"embeddable":true,"href":"https:\/\/www.tucomarca.com\/wordpress\/segunda\/wp-json\/wp\/v2\/comments?post=61822"}],"version-history":[{"count":0,"href":"https:\/\/www.tucomarca.com\/wordpress\/segunda\/wp-json\/wp\/v2\/posts\/61822\/revisions"}],"wp:featuredmedia":[{"embeddable":true,"href":"https:\/\/www.tucomarca.com\/wordpress\/segunda\/wp-json\/wp\/v2\/media\/61823"}],"wp:attachment":[{"href":"https:\/\/www.tucomarca.com\/wordpress\/segunda\/wp-json\/wp\/v2\/media?parent=61822"}],"wp:term":[{"taxonomy":"category","embeddable":true,"href":"https:\/\/www.tucomarca.com\/wordpress\/segunda\/wp-json\/wp\/v2\/categories?post=61822"},{"taxonomy":"post_tag","embeddable":true,"href":"https:\/\/www.tucomarca.com\/wordpress\/segunda\/wp-json\/wp\/v2\/tags?post=61822"}],"curies":[{"name":"wp","href":"https:\/\/api.w.org\/{rel}","templated":true}]}}