{"id":6192,"date":"2012-08-07T13:50:45","date_gmt":"2012-08-07T11:50:45","guid":{"rendered":"http:\/\/www.tucomarca.com\/wordpress\/segunda\/?p=6192"},"modified":"2012-08-07T21:30:49","modified_gmt":"2012-08-07T19:30:49","slug":"concierto-de-%c2%abla-artistica%c2%bb-de-chiva-en-la-plaza-de-las-artes-de-chiva","status":"publish","type":"post","link":"https:\/\/www.tucomarca.com\/wordpress\/segunda\/concierto-de-%c2%abla-artistica%c2%bb-de-chiva-en-la-plaza-de-las-artes-de-chiva\/","title":{"rendered":"Concierto de \u00abLa Art\u00edstica\u00bb de Chiva en la plaza de Las Artes de la localidad"},"content":{"rendered":"<figure id=\"attachment_6197\" aria-describedby=\"caption-attachment-6197\" style=\"width: 300px\" class=\"wp-caption alignleft\"><a href=\"https:\/\/www.tucomarca.com\/wordpress\/segunda\/wp-content\/uploads\/2012\/08\/chivaconcierto.jpg\"><img loading=\"lazy\" decoding=\"async\" class=\"size-medium wp-image-6197\" title=\"chivaconcierto\" src=\"https:\/\/www.tucomarca.com\/wordpress\/segunda\/wp-content\/uploads\/2012\/08\/chivaconcierto-300x189.jpg\" alt=\"Concierto desarrollado el pasado fin de semana. Foto: Torres \u00cd\u00f1igo.\" width=\"300\" height=\"189\" srcset=\"https:\/\/www.tucomarca.com\/wordpress\/segunda\/wp-content\/uploads\/2012\/08\/chivaconcierto-300x189.jpg 300w, https:\/\/www.tucomarca.com\/wordpress\/segunda\/wp-content\/uploads\/2012\/08\/chivaconcierto-1024x645.jpg 1024w, https:\/\/www.tucomarca.com\/wordpress\/segunda\/wp-content\/uploads\/2012\/08\/chivaconcierto.jpg 1181w\" sizes=\"auto, (max-width: 300px) 100vw, 300px\" \/><\/a><figcaption id=\"caption-attachment-6197\" class=\"wp-caption-text\">Concierto desarrollado el pasado fin de semana. Foto: Torres \u00cd\u00f1igo.<\/figcaption><\/figure>\n<p>La plaza de Las Artes de Chiva ha acogida este pasado fin de semana la actuaci\u00f3n de la Sociedad Musical \u00abLa Art\u00edstica\u00bb de Chiva, dirigida por su titular, Francisco Carrascosa. M\u00e1s im\u00e1genes e informaci\u00f3n, en la edici\u00f3n impresa de esta semana (n\u00ba 461) para La Hoya de Bu\u00f1ol-Chiva y comarcas lim\u00edtrofes.<\/p>\n","protected":false},"excerpt":{"rendered":"<div class=\"mh-excerpt\">La plaza de Las Artes de Chiva ha acogida este pasado fin de semana la actuaci\u00f3n de la Sociedad Musical \u00abLa Art\u00edstica\u00bb de Chiva, dirigida por su titular, Francisco Carrascosa. M\u00e1s im\u00e1genes e informaci\u00f3n, en <a class=\"mh-excerpt-more\" href=\"https:\/\/www.tucomarca.com\/wordpress\/segunda\/concierto-de-%c2%abla-artistica%c2%bb-de-chiva-en-la-plaza-de-las-artes-de-chiva\/\" title=\"Concierto de \u00abLa Art\u00edstica\u00bb de Chiva en la plaza de Las Artes de la localidad\">[+] <\/a><\/div>\n","protected":false},"author":1,"featured_media":6197,"comment_status":"open","ping_status":"open","sticky":false,"template":"","format":"standard","meta":{"footnotes":""},"categories":[66,16,10,7,3,45],"tags":[],"class_list":{"0":"post-6192","1":"post","2":"type-post","3":"status-publish","4":"format-standard","5":"has-post-thumbnail","7":"category-musica","8":"category-chiva","9":"category-la-hoya","10":"category-ocio-y-cultura","11":"category-seccion","12":"category-ventana"},"_links":{"self":[{"href":"https:\/\/www.tucomarca.com\/wordpress\/segunda\/wp-json\/wp\/v2\/posts\/6192","targetHints":{"allow":["GET"]}}],"collection":[{"href":"https:\/\/www.tucomarca.com\/wordpress\/segunda\/wp-json\/wp\/v2\/posts"}],"about":[{"href":"https:\/\/www.tucomarca.com\/wordpress\/segunda\/wp-json\/wp\/v2\/types\/post"}],"author":[{"embeddable":true,"href":"https:\/\/www.tucomarca.com\/wordpress\/segunda\/wp-json\/wp\/v2\/users\/1"}],"replies":[{"embeddable":true,"href":"https:\/\/www.tucomarca.com\/wordpress\/segunda\/wp-json\/wp\/v2\/comments?post=6192"}],"version-history":[{"count":0,"href":"https:\/\/www.tucomarca.com\/wordpress\/segunda\/wp-json\/wp\/v2\/posts\/6192\/revisions"}],"wp:featuredmedia":[{"embeddable":true,"href":"https:\/\/www.tucomarca.com\/wordpress\/segunda\/wp-json\/wp\/v2\/media\/6197"}],"wp:attachment":[{"href":"https:\/\/www.tucomarca.com\/wordpress\/segunda\/wp-json\/wp\/v2\/media?parent=6192"}],"wp:term":[{"taxonomy":"category","embeddable":true,"href":"https:\/\/www.tucomarca.com\/wordpress\/segunda\/wp-json\/wp\/v2\/categories?post=6192"},{"taxonomy":"post_tag","embeddable":true,"href":"https:\/\/www.tucomarca.com\/wordpress\/segunda\/wp-json\/wp\/v2\/tags?post=6192"}],"curies":[{"name":"wp","href":"https:\/\/api.w.org\/{rel}","templated":true}]}}