{"id":6215,"date":"2012-08-07T14:08:58","date_gmt":"2012-08-07T12:08:58","guid":{"rendered":"http:\/\/www.tucomarca.com\/wordpress\/segunda\/?p=6215"},"modified":"2012-08-07T14:08:58","modified_gmt":"2012-08-07T12:08:58","slug":"ava-asaja-denuncia-la-proliferacion-de-masivos-robos-de-algarroba-en-las-comarcas-del-interior","status":"publish","type":"post","link":"https:\/\/www.tucomarca.com\/wordpress\/segunda\/ava-asaja-denuncia-la-proliferacion-de-masivos-robos-de-algarroba-en-las-comarcas-del-interior\/","title":{"rendered":"AVA-Asaja denuncia la proliferaci\u00f3n de masivos robos de algarroba en las comarcas del interior"},"content":{"rendered":"<p>\u00abM\u00e1s pronto, m\u00e1s generalizados y m\u00e1s graves para el bolsillo del productor\u00bb. La Asociaci\u00f3n Valenciana de Agricultores (AVA-Asaja) ha denunciado as\u00ed la proliferaci\u00f3n de masivos robos de algarroba en las comarcas interiores de la Comunidad Valenciana y su posterior venta clandestina en almace\u00adnes que no tienen licencia de apertura ni demuestran la trazabilidad del producto.<\/p>\n<p>Debido a las altas temperaturas y a la pr\u00e1ctica ausencia de precipitaciones durante los \u00faltimos meses, la maduraci\u00f3n de la algarroba se ha adelantado unos diez d\u00edas y los ladrones, perfectamente organizados en bandas, han empezado a cometer robos de frutos secos desde principios de agosto con una intensidad sin precedentes. \u201cTodos los a\u00f1os se vienen repitiendo los robos de algarroba en Camp de Turia y otras zonas interiores, pero lo que est\u00e1 ocurriendo ahora sobrepasa todos los l\u00edmites\u201d, ha denunciado el presidente de AVA-Asaja, Crist\u00f3bal Aguado.<\/p>\n<p>\u201cEl n\u00famero y la incidencia de estos delitos no dejar\u00e1 de aumentar mientras las fuerzas de seguridad no mejoren la vigilancia tanto en los campos de cultivo como en los puntos de recepci\u00f3n de la mercanc\u00eda robada\u201d, ha asegurado Crist\u00f3bal Aguado.<\/p>\n<p>Tanto es as\u00ed que el ayuntamiento de Benaguasil ha procedido a cerrar hoy un almac\u00e9n clandestino que, bajo un cartel que anunciaba \u2018Se compran algarroban\u2019, estaba adquiriendo toneladas de este fruto seco a una cantidad fija de 0,19 \u20ac\/kg. \u201cCuando el propietario de un punto de venta no puede demostrar a las autoridades ni las licencias necesarias ni el origen de la mercanc\u00eda no solo est\u00e1 actuando dentro de la econom\u00eda sumergida, sino que adem\u00e1s es colaborador directo del robo\u201d, seg\u00fan Aguado. En este sentido, AVA-Asaja reclama, adem\u00e1s de las correspondientes penas por robo, la imposici\u00f3n de severas inspecciones de car\u00e1cter fiscal y laboral en una \u00e9poca marcada por la crisis econ\u00f3mica donde el Gobierno ha decidido actuar de manera m\u00e1s decidida ante el fraude fiscal y laboral.<\/p>\n","protected":false},"excerpt":{"rendered":"<div class=\"mh-excerpt\">\u00abM\u00e1s pronto, m\u00e1s generalizados y m\u00e1s graves para el bolsillo del productor\u00bb. La Asociaci\u00f3n Valenciana de Agricultores (AVA-Asaja) ha denunciado as\u00ed la proliferaci\u00f3n de masivos robos de algarroba en las comarcas interiores de la Comunidad <a class=\"mh-excerpt-more\" href=\"https:\/\/www.tucomarca.com\/wordpress\/segunda\/ava-asaja-denuncia-la-proliferacion-de-masivos-robos-de-algarroba-en-las-comarcas-del-interior\/\" title=\"AVA-Asaja denuncia la proliferaci\u00f3n de masivos robos de algarroba en las comarcas del interior\">[+] <\/a><\/div>\n","protected":false},"author":1,"featured_media":0,"comment_status":"open","ping_status":"open","sticky":false,"template":"","format":"standard","meta":{"footnotes":""},"categories":[172,46,8,72,3,116],"tags":[],"class_list":{"0":"post-6215","1":"post","2":"type-post","3":"status-publish","4":"format-standard","6":"category-benaguasil","7":"category-camp-de-turia","8":"category-la-comarca","9":"category-sin-categorizar","10":"category-seccion","11":"category-sucesos-la-comarca"},"_links":{"self":[{"href":"https:\/\/www.tucomarca.com\/wordpress\/segunda\/wp-json\/wp\/v2\/posts\/6215","targetHints":{"allow":["GET"]}}],"collection":[{"href":"https:\/\/www.tucomarca.com\/wordpress\/segunda\/wp-json\/wp\/v2\/posts"}],"about":[{"href":"https:\/\/www.tucomarca.com\/wordpress\/segunda\/wp-json\/wp\/v2\/types\/post"}],"author":[{"embeddable":true,"href":"https:\/\/www.tucomarca.com\/wordpress\/segunda\/wp-json\/wp\/v2\/users\/1"}],"replies":[{"embeddable":true,"href":"https:\/\/www.tucomarca.com\/wordpress\/segunda\/wp-json\/wp\/v2\/comments?post=6215"}],"version-history":[{"count":0,"href":"https:\/\/www.tucomarca.com\/wordpress\/segunda\/wp-json\/wp\/v2\/posts\/6215\/revisions"}],"wp:attachment":[{"href":"https:\/\/www.tucomarca.com\/wordpress\/segunda\/wp-json\/wp\/v2\/media?parent=6215"}],"wp:term":[{"taxonomy":"category","embeddable":true,"href":"https:\/\/www.tucomarca.com\/wordpress\/segunda\/wp-json\/wp\/v2\/categories?post=6215"},{"taxonomy":"post_tag","embeddable":true,"href":"https:\/\/www.tucomarca.com\/wordpress\/segunda\/wp-json\/wp\/v2\/tags?post=6215"}],"curies":[{"name":"wp","href":"https:\/\/api.w.org\/{rel}","templated":true}]}}