{"id":62180,"date":"2017-11-10T22:01:04","date_gmt":"2017-11-10T20:01:04","guid":{"rendered":"http:\/\/www.tucomarca.com\/wordpress\/segunda\/?p=62180"},"modified":"2017-11-10T22:01:04","modified_gmt":"2017-11-10T20:01:04","slug":"turis-y-yatova-ofrecen-el-derbi-del-fin-de-semana-mientras-el-chiva-cf-se-enfrenta-al-zafranar-y-el-macastre-al-manises","status":"publish","type":"post","link":"https:\/\/www.tucomarca.com\/wordpress\/segunda\/turis-y-yatova-ofrecen-el-derbi-del-fin-de-semana-mientras-el-chiva-cf-se-enfrenta-al-zafranar-y-el-macastre-al-manises\/","title":{"rendered":"Tur\u00eds y Y\u00e1tova ofrecen el derbi del fin de semana mientras el Chiva CF se enfrenta al Zafranar y el Macastre al Manises"},"content":{"rendered":"<figure id=\"attachment_61593\" aria-describedby=\"caption-attachment-61593\" style=\"width: 483px\" class=\"wp-caption alignleft\"><img loading=\"lazy\" decoding=\"async\" class=\" wp-image-61593\" src=\"https:\/\/www.tucomarca.com\/wordpress\/segunda\/wp-content\/uploads\/2017\/10\/UDyatova1703.jpg\" alt=\"La UD Y\u00e1tova busca sumar tres nuevos puntos. Foto: Ra\u00fal Miralles.\" width=\"483\" height=\"322\" srcset=\"https:\/\/www.tucomarca.com\/wordpress\/segunda\/wp-content\/uploads\/2017\/10\/UDyatova1703.jpg 945w, https:\/\/www.tucomarca.com\/wordpress\/segunda\/wp-content\/uploads\/2017\/10\/UDyatova1703-300x200.jpg 300w, https:\/\/www.tucomarca.com\/wordpress\/segunda\/wp-content\/uploads\/2017\/10\/UDyatova1703-768x512.jpg 768w\" sizes=\"auto, (max-width: 483px) 100vw, 483px\" \/><figcaption id=\"caption-attachment-61593\" class=\"wp-caption-text\">La UD Y\u00e1tova busca sumar tres nuevos puntos. Foto: Ra\u00fal Miralles.<\/figcaption><\/figure>\n<p><strong>CD\u2008Tur\u00eds<\/strong> y<strong> UD\u2008Y\u00e1tova<\/strong> se ver\u00e1n las caras en un derbi que enfrenta a s\u00e9ptimo y d\u00e9cimo en la tabla, separados por 2 puntos; por lo que adem\u00e1s del orgullo y pundonor de enfrentarse entre vecinos, puede suponer o bien aumentar distancias o que los de Aquila pasen por encima de los turisanos.<\/p>\n<p>Por su parte,<strong> Chiva CF<\/strong> tendr\u00e1 que v\u00e9rselas con el Zafranar A. Los de Vicente, que vienen de perder, tendr\u00e1n que jugar frente al tercer clasificado, siendo los chivanos pen\u00faltimos, trabajo m\u00e1s que dif\u00edcil, pero con el factor cancha y afici\u00f3n a favor la gente desde la grada les dar\u00e1n fuerza para lograr hacer una sorpresa e ir saliendo de esa zona baja de la clasificaci\u00f3n.<\/p>\n<p><strong>Segunda Regional<\/strong><\/p>\n<p>El\u00a0representante de La Hoya en la Segunda Regional es el <strong>Atl\u00e9tico de Macastre<\/strong>, quien tras recibir una goleada, tendr\u00e1 que recibir al Sporting de Manises. Situados en el puesto 12 y 8, respectivamente, los de Manolo tendr\u00e1n la oportunidad de quitarse la mala sensaci\u00f3n de la jornada pasada, jugar bien, y salir de la zona baja, adem\u00e1s de recortar distancias con rivales pr\u00f3ximos de la zona de arriba y quedarse a s\u00f3lo 2 de su rival.\u00a0Informa,\u00a0<strong>Ra\u00fal Miralles Lacalle<\/strong> @raulmks<\/p>\n","protected":false},"excerpt":{"rendered":"<div class=\"mh-excerpt\">CD\u2008Tur\u00eds y UD\u2008Y\u00e1tova se ver\u00e1n las caras en un derbi que enfrenta a s\u00e9ptimo y d\u00e9cimo en la tabla, separados por 2 puntos; por lo que adem\u00e1s del orgullo y pundonor de enfrentarse entre vecinos, <a class=\"mh-excerpt-more\" href=\"https:\/\/www.tucomarca.com\/wordpress\/segunda\/turis-y-yatova-ofrecen-el-derbi-del-fin-de-semana-mientras-el-chiva-cf-se-enfrenta-al-zafranar-y-el-macastre-al-manises\/\" title=\"Tur\u00eds y Y\u00e1tova ofrecen el derbi del fin de semana mientras el Chiva CF se enfrenta al Zafranar y el Macastre al Manises\">[+] <\/a><\/div>\n","protected":false},"author":1,"featured_media":61593,"comment_status":"open","ping_status":"open","sticky":false,"template":"","format":"standard","meta":{"footnotes":""},"categories":[50,6,72,10,42,3,43,45,11],"tags":[10379,44,5952,3640,10394,10380],"class_list":{"0":"post-62180","1":"post","2":"type-post","3":"status-publish","4":"format-standard","5":"has-post-thumbnail","7":"category-futbol-deportes","8":"category-deportes","9":"category-sin-categorizar","10":"category-la-hoya","11":"category-la-ribera","12":"category-seccion","13":"category-turis","14":"category-ventana","15":"category-yatova","16":"tag-deportes","17":"tag-futbol","18":"tag-la-hoya-de-bunol-chiva","19":"tag-la-ribera-alta","20":"tag-turis","21":"tag-yatova"},"_links":{"self":[{"href":"https:\/\/www.tucomarca.com\/wordpress\/segunda\/wp-json\/wp\/v2\/posts\/62180","targetHints":{"allow":["GET"]}}],"collection":[{"href":"https:\/\/www.tucomarca.com\/wordpress\/segunda\/wp-json\/wp\/v2\/posts"}],"about":[{"href":"https:\/\/www.tucomarca.com\/wordpress\/segunda\/wp-json\/wp\/v2\/types\/post"}],"author":[{"embeddable":true,"href":"https:\/\/www.tucomarca.com\/wordpress\/segunda\/wp-json\/wp\/v2\/users\/1"}],"replies":[{"embeddable":true,"href":"https:\/\/www.tucomarca.com\/wordpress\/segunda\/wp-json\/wp\/v2\/comments?post=62180"}],"version-history":[{"count":0,"href":"https:\/\/www.tucomarca.com\/wordpress\/segunda\/wp-json\/wp\/v2\/posts\/62180\/revisions"}],"wp:featuredmedia":[{"embeddable":true,"href":"https:\/\/www.tucomarca.com\/wordpress\/segunda\/wp-json\/wp\/v2\/media\/61593"}],"wp:attachment":[{"href":"https:\/\/www.tucomarca.com\/wordpress\/segunda\/wp-json\/wp\/v2\/media?parent=62180"}],"wp:term":[{"taxonomy":"category","embeddable":true,"href":"https:\/\/www.tucomarca.com\/wordpress\/segunda\/wp-json\/wp\/v2\/categories?post=62180"},{"taxonomy":"post_tag","embeddable":true,"href":"https:\/\/www.tucomarca.com\/wordpress\/segunda\/wp-json\/wp\/v2\/tags?post=62180"}],"curies":[{"name":"wp","href":"https:\/\/api.w.org\/{rel}","templated":true}]}}