{"id":62276,"date":"2017-11-10T20:50:17","date_gmt":"2017-11-10T18:50:17","guid":{"rendered":"http:\/\/www.tucomarca.com\/wordpress\/segunda\/?p=62276"},"modified":"2017-11-14T19:28:16","modified_gmt":"2017-11-14T17:28:16","slug":"el-delantero-fabiani-deja-el-cd-bunol-y-ficha-por-el-cf-la-nucia","status":"publish","type":"post","link":"https:\/\/www.tucomarca.com\/wordpress\/segunda\/el-delantero-fabiani-deja-el-cd-bunol-y-ficha-por-el-cf-la-nucia\/","title":{"rendered":"El delantero Fabiani deja el CD Bu\u00f1ol y ficha por el CF La Nuc\u00eda"},"content":{"rendered":"<figure id=\"attachment_58656\" aria-describedby=\"caption-attachment-58656\" style=\"width: 430px\" class=\"wp-caption alignleft\"><img loading=\"lazy\" decoding=\"async\" class=\" wp-image-58656\" src=\"https:\/\/www.tucomarca.com\/wordpress\/segunda\/wp-content\/uploads\/2017\/08\/FABIANI-e1501792405617.jpg\" alt=\"El delantero procedente de L'Hospitalet, Ra\u00fal Fabiani, nuevo fichaje del CD Bu\u00f1ol.\" width=\"430\" height=\"573\" srcset=\"https:\/\/www.tucomarca.com\/wordpress\/segunda\/wp-content\/uploads\/2017\/08\/FABIANI-e1501792405617.jpg 3024w, https:\/\/www.tucomarca.com\/wordpress\/segunda\/wp-content\/uploads\/2017\/08\/FABIANI-e1501792405617-225x300.jpg 225w, https:\/\/www.tucomarca.com\/wordpress\/segunda\/wp-content\/uploads\/2017\/08\/FABIANI-e1501792405617-768x1024.jpg 768w, https:\/\/www.tucomarca.com\/wordpress\/segunda\/wp-content\/uploads\/2017\/08\/FABIANI-e1501792405617-1024x1365.jpg 1024w\" sizes=\"auto, (max-width: 430px) 100vw, 430px\" \/><figcaption id=\"caption-attachment-58656\" class=\"wp-caption-text\">El delantero procedente de L&#8217;Hospitalet, Ra\u00fal Fabiani, en el momento de\u00a0fichar con\u00a0el CD Bu\u00f1ol.<\/figcaption><\/figure>\n<p>El hasta la fecha delantero del CD Bu\u00f1ol, Ra\u00fal Iv\u00e1n Fabini Bosio, Fabiani, ha dejado la disciplina del club blanco par pasar a la del Club de F\u00fatbol La Nuc\u00eda<\/p>\n<p>El ecuatoguineano de origen italiano llega al conjunto l\u00edder del Grupo VI de Tercera Divisi\u00f3n con\u00a0una amplia experiencia en Segunda\u00a0A y Segunda\u00a0B, tras jugar en Segunda A con el Alcoyano y varios equipos de Segunda B y Tercera Divisi\u00f3n como el Moralo, Cacere\u00f1o, Lanzarote, Teruel\u00a0y\u00a0Villajoyosa.<\/p>\n<p>El\u00a0delantero zurdo de 33 a\u00f1os, formado en las categor\u00edas inferiores del Villarreal CF,\u00a0fue presentado el pasado 3 de agosto como nuevo fichaje estrella del CD Bu\u00f1ol al que lleg\u00f3 \u201ccon ganas de disfrutar del proyecto\u201d y \u00abcontento por los jugadores con los que compartir\u00e1 vestuario\u00bb.<\/p>\n<p>&nbsp;<\/p>\n","protected":false},"excerpt":{"rendered":"<div class=\"mh-excerpt\">El hasta la fecha delantero del CD Bu\u00f1ol, Ra\u00fal Iv\u00e1n Fabini Bosio, Fabiani, ha dejado la disciplina del club blanco par pasar a la del Club de F\u00fatbol La Nuc\u00eda El ecuatoguineano de origen italiano <a class=\"mh-excerpt-more\" href=\"https:\/\/www.tucomarca.com\/wordpress\/segunda\/el-delantero-fabiani-deja-el-cd-bunol-y-ficha-por-el-cf-la-nucia\/\" title=\"El delantero Fabiani deja el CD Bu\u00f1ol y ficha por el CF La Nuc\u00eda\">[+] <\/a><\/div>\n","protected":false},"author":1,"featured_media":58656,"comment_status":"open","ping_status":"open","sticky":false,"template":"","format":"standard","meta":{"footnotes":""},"categories":[18,50,6,10,3],"tags":[10379,44,5952],"class_list":{"0":"post-62276","1":"post","2":"type-post","3":"status-publish","4":"format-standard","5":"has-post-thumbnail","7":"category-bunol","8":"category-futbol-deportes","9":"category-deportes","10":"category-la-hoya","11":"category-seccion","12":"tag-deportes","13":"tag-futbol","14":"tag-la-hoya-de-bunol-chiva"},"_links":{"self":[{"href":"https:\/\/www.tucomarca.com\/wordpress\/segunda\/wp-json\/wp\/v2\/posts\/62276","targetHints":{"allow":["GET"]}}],"collection":[{"href":"https:\/\/www.tucomarca.com\/wordpress\/segunda\/wp-json\/wp\/v2\/posts"}],"about":[{"href":"https:\/\/www.tucomarca.com\/wordpress\/segunda\/wp-json\/wp\/v2\/types\/post"}],"author":[{"embeddable":true,"href":"https:\/\/www.tucomarca.com\/wordpress\/segunda\/wp-json\/wp\/v2\/users\/1"}],"replies":[{"embeddable":true,"href":"https:\/\/www.tucomarca.com\/wordpress\/segunda\/wp-json\/wp\/v2\/comments?post=62276"}],"version-history":[{"count":0,"href":"https:\/\/www.tucomarca.com\/wordpress\/segunda\/wp-json\/wp\/v2\/posts\/62276\/revisions"}],"wp:featuredmedia":[{"embeddable":true,"href":"https:\/\/www.tucomarca.com\/wordpress\/segunda\/wp-json\/wp\/v2\/media\/58656"}],"wp:attachment":[{"href":"https:\/\/www.tucomarca.com\/wordpress\/segunda\/wp-json\/wp\/v2\/media?parent=62276"}],"wp:term":[{"taxonomy":"category","embeddable":true,"href":"https:\/\/www.tucomarca.com\/wordpress\/segunda\/wp-json\/wp\/v2\/categories?post=62276"},{"taxonomy":"post_tag","embeddable":true,"href":"https:\/\/www.tucomarca.com\/wordpress\/segunda\/wp-json\/wp\/v2\/tags?post=62276"}],"curies":[{"name":"wp","href":"https:\/\/api.w.org\/{rel}","templated":true}]}}