{"id":62281,"date":"2017-11-10T20:57:39","date_gmt":"2017-11-10T18:57:39","guid":{"rendered":"http:\/\/www.tucomarca.com\/wordpress\/segunda\/?p=62281"},"modified":"2017-11-10T20:57:39","modified_gmt":"2017-11-10T18:57:39","slug":"los-premis-literaris-ciutat-dalzira-entregan-sus-galardones-con-el-apoyo-de-la-diputacio-de-valencia","status":"publish","type":"post","link":"https:\/\/www.tucomarca.com\/wordpress\/segunda\/los-premis-literaris-ciutat-dalzira-entregan-sus-galardones-con-el-apoyo-de-la-diputacio-de-valencia\/","title":{"rendered":"Los Premis Literaris Ciutat d\u2019Alzira entregan sus galardones con el apoyo de la Diputaci\u00f3 de Val\u00e8ncia"},"content":{"rendered":"<figure id=\"attachment_62282\" aria-describedby=\"caption-attachment-62282\" style=\"width: 422px\" class=\"wp-caption alignleft\"><img loading=\"lazy\" decoding=\"async\" class=\" wp-image-62282\" src=\"https:\/\/www.tucomarca.com\/wordpress\/segunda\/wp-content\/uploads\/2017\/11\/AmigoAltur.jpg\" alt=\"La vicepresidenta, Maria Josep Amig\u00f3, con el diputado Emili Altur en la pasada edici\u00f3n de los Premis Ciutat d'Alzira.\" width=\"422\" height=\"315\" srcset=\"https:\/\/www.tucomarca.com\/wordpress\/segunda\/wp-content\/uploads\/2017\/11\/AmigoAltur.jpg 2592w, https:\/\/www.tucomarca.com\/wordpress\/segunda\/wp-content\/uploads\/2017\/11\/AmigoAltur-300x224.jpg 300w, https:\/\/www.tucomarca.com\/wordpress\/segunda\/wp-content\/uploads\/2017\/11\/AmigoAltur-768x574.jpg 768w, https:\/\/www.tucomarca.com\/wordpress\/segunda\/wp-content\/uploads\/2017\/11\/AmigoAltur-1024x765.jpg 1024w\" sizes=\"auto, (max-width: 422px) 100vw, 422px\" \/><figcaption id=\"caption-attachment-62282\" class=\"wp-caption-text\">La vicepresidenta, Maria Josep Amig\u00f3, con el diputado Emili Altur en la pasada edici\u00f3n de los Premis Ciutat d&#8217;Alzira.<\/figcaption><\/figure>\n<p>La vicepresidenta de la Diputaci\u00f3 de Val\u00e8ncia, Maria Josep Amig\u00f3, y los diputados Xavier Rius, Josep Bort y Emili Altur asisten este viernes a la gala literaria de la XXIX edici\u00f3n de los Premis Literaris Ciutat d\u2019Alzira 2017. Una cita que, con el tiempo, se ha consolidado como uno de los referentes culturales m\u00e1s importantes dentro de los cert\u00e1menes literarios en lengua propia y que servir\u00e1 para proceder a la entrega de los galardones a todos los autores premiados, junto a la acreditativa escultura dise\u00f1ada por Manuel Boix.<\/p>\n<p>Los Premis Literaris Ciutat d\u2019Alzira forman parte de las convocatorias beneficiarias de la nueva l\u00ednea de ayudas orientada a concursos y premios literarios impulsada desde el \u00c1rea de Cultura de la Diputaci\u00f3 de Val\u00e8ncia, a trav\u00e9s del Servei d\u2019Assist\u00e8ncia i Recursos Culturals (SARC).<\/p>\n<p>En la presente edici\u00f3n, m\u00e1s de 180 originales optan a ser reconocidos en unos premios que este a\u00f1o reparten hasta 72.000 euros en un total de ocho modalidades: Premi Novel\u00b7la Ciutat d&#8217;Alzira (16.000 euros), Premi Europeu de Divulgaci\u00f3 Cient\u00edfica Estudi General (12.000 euros), Premi Fundaci\u00f3 Bancaixa de Narrativa Juvenil (16.000 euros), Premi de Narrativa Infantil Vicent Silvestre (3.000 euros), Premi d&#8217;Assaig Mancomunitat de la Ribera Alta (8.000 euros), Premi de Poesia Ibn Jafadja (5.000 euros), Premi de Teatre Ciutat d&#8217;Alzira Palanca i Roca (5.000 euros) y Premi Internacional Enric Solbes d&#8217;\u00c0lbum Il\u00b7lustrat Consorci Ribera i Valldigna (6.000 euros).<\/p>\n<p>El fallo de los premios se har\u00e1 p\u00fablico la noche del viernes, durante el transcurso de la tradicional cena literaria, a excepci\u00f3n de algunas modalidades, donde ya se conocen los ganadores. Pepa Juan, dramaturga y actriz, ha obtenido el XII Premi de Teatre Ciutat d\u2019Alzira Palanca i Rocacon\u00a0<em>Acompanya\u2019m en la nit<\/em>,mientras que Leandro Sagrist\u00e0 es el ganador del XXII Premi Fundaci\u00f3 Bancaixa de Narrativa Juvenilcon la novela\u00a0<em>El misteri de la casa Folch<\/em>.Asimismo, la obra de Ximo Cerd\u00e0,\u00a0<em>Un mocador de pirata<\/em>, ha sido la elegida entre los originales presentados en el XXII Premi de Narrativa Infantil Vicent Silvestre.Por su parte, el II Premi Internacional Enric Solbes d\u00b4\u00c0lbum Il\u00b7lustrat Consorci Ribera i Valldigna ha sido declarado desierto.<\/p>\n<p>Los Premis Literaris Ciutat d\u2019Alzira tienen como objetivo el fomento de la cultura en valenciano a trav\u00e9s de la literatura contempor\u00e1nea. Por ello, junto con la justa literaria, se ha organizado una completa oferta cultural en la ciudad con el ciclo de conferencias de los Premis Literaris Ciutat d\u2019Alzira como protagonista, pero tambi\u00e9n con exposiciones, representaciones teatrales, conciertos y salidas culturales.<\/p>\n<p>Estas iniciativas refuerzan la solidez de unos galardones que siguen despertando, a\u00f1o tras a\u00f1o, el inter\u00e9s de la sociedad y del tejido empresarial y asociativo de la comarca. Confirmando que los Premis Literaris Ciutat d\u2019Alzira son un certamen de relevancia social y cultural que desde hace cerca de tres d\u00e9cadas fomenta la producci\u00f3n literaria en lengua propia.<\/p>\n","protected":false},"excerpt":{"rendered":"<div class=\"mh-excerpt\">La vicepresidenta de la Diputaci\u00f3 de Val\u00e8ncia, Maria Josep Amig\u00f3, y los diputados Xavier Rius, Josep Bort y Emili Altur asisten este viernes a la gala literaria de la XXIX edici\u00f3n de los Premis Literaris <a class=\"mh-excerpt-more\" href=\"https:\/\/www.tucomarca.com\/wordpress\/segunda\/los-premis-literaris-ciutat-dalzira-entregan-sus-galardones-con-el-apoyo-de-la-diputacio-de-valencia\/\" title=\"Los Premis Literaris Ciutat d\u2019Alzira entregan sus galardones con el apoyo de la Diputaci\u00f3 de Val\u00e8ncia\">[+] <\/a><\/div>\n","protected":false},"author":1,"featured_media":62282,"comment_status":"open","ping_status":"open","sticky":false,"template":"","format":"standard","meta":{"footnotes":""},"categories":[42,7,3,43],"tags":[10402,3640],"class_list":{"0":"post-62281","1":"post","2":"type-post","3":"status-publish","4":"format-standard","5":"has-post-thumbnail","7":"category-la-ribera","8":"category-ocio-y-cultura","9":"category-seccion","10":"category-turis","11":"tag-alzira","12":"tag-la-ribera-alta"},"_links":{"self":[{"href":"https:\/\/www.tucomarca.com\/wordpress\/segunda\/wp-json\/wp\/v2\/posts\/62281","targetHints":{"allow":["GET"]}}],"collection":[{"href":"https:\/\/www.tucomarca.com\/wordpress\/segunda\/wp-json\/wp\/v2\/posts"}],"about":[{"href":"https:\/\/www.tucomarca.com\/wordpress\/segunda\/wp-json\/wp\/v2\/types\/post"}],"author":[{"embeddable":true,"href":"https:\/\/www.tucomarca.com\/wordpress\/segunda\/wp-json\/wp\/v2\/users\/1"}],"replies":[{"embeddable":true,"href":"https:\/\/www.tucomarca.com\/wordpress\/segunda\/wp-json\/wp\/v2\/comments?post=62281"}],"version-history":[{"count":0,"href":"https:\/\/www.tucomarca.com\/wordpress\/segunda\/wp-json\/wp\/v2\/posts\/62281\/revisions"}],"wp:featuredmedia":[{"embeddable":true,"href":"https:\/\/www.tucomarca.com\/wordpress\/segunda\/wp-json\/wp\/v2\/media\/62282"}],"wp:attachment":[{"href":"https:\/\/www.tucomarca.com\/wordpress\/segunda\/wp-json\/wp\/v2\/media?parent=62281"}],"wp:term":[{"taxonomy":"category","embeddable":true,"href":"https:\/\/www.tucomarca.com\/wordpress\/segunda\/wp-json\/wp\/v2\/categories?post=62281"},{"taxonomy":"post_tag","embeddable":true,"href":"https:\/\/www.tucomarca.com\/wordpress\/segunda\/wp-json\/wp\/v2\/tags?post=62281"}],"curies":[{"name":"wp","href":"https:\/\/api.w.org\/{rel}","templated":true}]}}