{"id":62291,"date":"2017-11-10T21:13:14","date_gmt":"2017-11-10T19:13:14","guid":{"rendered":"http:\/\/www.tucomarca.com\/wordpress\/segunda\/?p=62291"},"modified":"2017-11-10T21:20:28","modified_gmt":"2017-11-10T19:20:28","slug":"el-jugador-del-valencia-cf-geoffrey-kondogbia-acompano-al-c-d-f-b-leliana-en-su-presentacion","status":"publish","type":"post","link":"https:\/\/www.tucomarca.com\/wordpress\/segunda\/el-jugador-del-valencia-cf-geoffrey-kondogbia-acompano-al-c-d-f-b-leliana-en-su-presentacion\/","title":{"rendered":"El jugador del Valencia CF Geoffrey Kondogbia acompa\u00f1a al C.D.F.B L\u2019Eliana en su presentaci\u00f3n"},"content":{"rendered":"<figure id=\"attachment_62292\" aria-describedby=\"caption-attachment-62292\" style=\"width: 1037px\" class=\"wp-caption alignleft\"><img loading=\"lazy\" decoding=\"async\" class=\"size-full wp-image-62292\" src=\"https:\/\/www.tucomarca.com\/wordpress\/segunda\/wp-content\/uploads\/2017\/11\/LEliana.jpg\" alt=\"Los j\u00f3venes jugadores del club durante la presentaci\u00f3n.\" width=\"1037\" height=\"691\" srcset=\"https:\/\/www.tucomarca.com\/wordpress\/segunda\/wp-content\/uploads\/2017\/11\/LEliana.jpg 1037w, https:\/\/www.tucomarca.com\/wordpress\/segunda\/wp-content\/uploads\/2017\/11\/LEliana-300x200.jpg 300w, https:\/\/www.tucomarca.com\/wordpress\/segunda\/wp-content\/uploads\/2017\/11\/LEliana-768x512.jpg 768w, https:\/\/www.tucomarca.com\/wordpress\/segunda\/wp-content\/uploads\/2017\/11\/LEliana-1024x682.jpg 1024w\" sizes=\"auto, (max-width: 1037px) 100vw, 1037px\" \/><figcaption id=\"caption-attachment-62292\" class=\"wp-caption-text\">Los j\u00f3venes jugadores del club durante la presentaci\u00f3n.<\/figcaption><\/figure>\n<p><b>Cerca de 500 jugadores del club fueron presentados oficialmente a la afici\u00f3n en un evento muy entretenido<\/b><\/p>\n<p>El Club de F\u00fatbol Base l\u2019Eliana present\u00f3 a sus equipos de la temporada 2017-2018 en un evento en el que los invitados de honor fueron el jugador del Valencia CF Geoffrey Kondogbia y las jugadoras del Levante UD Ana Buceta y Greta Espinoza. Los futbolistas de primera divisi\u00f3n apoyaron con su presencia al club de l\u2019Eliana.<\/p>\n<p>La entidad futbolera present\u00f3 a sus 30 equipos para esta temporada, en total casi 500 jugadores, quienes disfrutaron de su momento de protagonismo al saltar al campo y con la presencia de los jugadores invitados con quienes pudieron hacerse unas fotos para el recuerdo. Algunos de los miembros del club fueron m\u00e1s afortunados y resultaron ganadores del sorteo de los balones de f\u00fatbol firmados por los futbolistas de primera divisi\u00f3n.<\/p>\n<p>La presentaci\u00f3n comenz\u00f3 con una exhibici\u00f3n de la Escuela de Gimnasia R\u00edtmica de l\u2019Eliana, primero con una actuaci\u00f3n del grupo alev\u00edn de nivel federaci\u00f3n avanzado y, a continuaci\u00f3n, del conjunto benjam\u00edn que participar\u00e1 en el Campeonato de Espa\u00f1a.<\/p>\n<p>El acto concluy\u00f3 con una gran foto de familia de los 500 jugadores, entrenadores y autoridades. Al acto asistieron el alcalde de l\u2019Eliana, Salva Torrent, la concejala de deportes Eva Santaf\u00e9 y el presidente de la Asociaci\u00f3n de Clubes Deportivos de l\u2019Eliana y del propio club de futbol, Vicente Zamora, quienes agradecieron la confianza de los padres y madres.<\/p>\n","protected":false},"excerpt":{"rendered":"<div class=\"mh-excerpt\">Cerca de 500 jugadores del club fueron presentados oficialmente a la afici\u00f3n en un evento muy entretenido El Club de F\u00fatbol Base l\u2019Eliana present\u00f3 a sus equipos de la temporada 2017-2018 en un evento en <a class=\"mh-excerpt-more\" href=\"https:\/\/www.tucomarca.com\/wordpress\/segunda\/el-jugador-del-valencia-cf-geoffrey-kondogbia-acompano-al-c-d-f-b-leliana-en-su-presentacion\/\" title=\"El jugador del Valencia CF Geoffrey Kondogbia acompa\u00f1a al C.D.F.B L\u2019Eliana en su presentaci\u00f3n\">[+] <\/a><\/div>\n","protected":false},"author":1,"featured_media":62292,"comment_status":"open","ping_status":"open","sticky":false,"template":"","format":"standard","meta":{"footnotes":""},"categories":[46,50,6,177,3,45],"tags":[10395,10379,44,10433],"class_list":{"0":"post-62291","1":"post","2":"type-post","3":"status-publish","4":"format-standard","5":"has-post-thumbnail","7":"category-camp-de-turia","8":"category-futbol-deportes","9":"category-deportes","10":"category-leliana","11":"category-seccion","12":"category-ventana","13":"tag-camp-de-turia","14":"tag-deportes","15":"tag-futbol","16":"tag-leliana"},"_links":{"self":[{"href":"https:\/\/www.tucomarca.com\/wordpress\/segunda\/wp-json\/wp\/v2\/posts\/62291","targetHints":{"allow":["GET"]}}],"collection":[{"href":"https:\/\/www.tucomarca.com\/wordpress\/segunda\/wp-json\/wp\/v2\/posts"}],"about":[{"href":"https:\/\/www.tucomarca.com\/wordpress\/segunda\/wp-json\/wp\/v2\/types\/post"}],"author":[{"embeddable":true,"href":"https:\/\/www.tucomarca.com\/wordpress\/segunda\/wp-json\/wp\/v2\/users\/1"}],"replies":[{"embeddable":true,"href":"https:\/\/www.tucomarca.com\/wordpress\/segunda\/wp-json\/wp\/v2\/comments?post=62291"}],"version-history":[{"count":0,"href":"https:\/\/www.tucomarca.com\/wordpress\/segunda\/wp-json\/wp\/v2\/posts\/62291\/revisions"}],"wp:featuredmedia":[{"embeddable":true,"href":"https:\/\/www.tucomarca.com\/wordpress\/segunda\/wp-json\/wp\/v2\/media\/62292"}],"wp:attachment":[{"href":"https:\/\/www.tucomarca.com\/wordpress\/segunda\/wp-json\/wp\/v2\/media?parent=62291"}],"wp:term":[{"taxonomy":"category","embeddable":true,"href":"https:\/\/www.tucomarca.com\/wordpress\/segunda\/wp-json\/wp\/v2\/categories?post=62291"},{"taxonomy":"post_tag","embeddable":true,"href":"https:\/\/www.tucomarca.com\/wordpress\/segunda\/wp-json\/wp\/v2\/tags?post=62291"}],"curies":[{"name":"wp","href":"https:\/\/api.w.org\/{rel}","templated":true}]}}