{"id":6234,"date":"2012-08-08T13:03:29","date_gmt":"2012-08-08T11:03:29","guid":{"rendered":"http:\/\/www.tucomarca.com\/wordpress\/segunda\/?p=6234"},"modified":"2012-08-08T13:03:29","modified_gmt":"2012-08-08T11:03:29","slug":"presentacion-de-la-tomatina-2012","status":"publish","type":"post","link":"https:\/\/www.tucomarca.com\/wordpress\/segunda\/presentacion-de-la-tomatina-2012\/","title":{"rendered":"Presentaci\u00f3n de La Tomatina 2012"},"content":{"rendered":"<p>\u00abEste jueves d\u00eda 9 de agosto tendr\u00e1 lugar la presentaci\u00f3n de las novedades de La Tomatina 2012, y la confirmaci\u00f3n de que a\u00f1o tras a\u00f1o el crecimiento de esta fiesta es constante. Tambi\u00e9n presentaremos en exclusiva el merchandising y el cartel de la Tomatina 2012\u00bb, tal como han informado desde el consistorio local.<\/p>\n<p>La presentaci\u00f3n tendr\u00e1 lugar en el edificio de El Corte Ingl\u00e9s de la calle Col\u00f3n\u00a0 a las 12,00 horas y estar\u00e1n presentes el responsable de la Tomatina, Rafael P\u00e9rez, la concejal de Feria y Fiestas, Mar\u00eda \u00c1lvarez y el alcalde de Bu\u00f1ol, Chimo Masmano Palmer.<\/p>\n","protected":false},"excerpt":{"rendered":"<div class=\"mh-excerpt\">\u00abEste jueves d\u00eda 9 de agosto tendr\u00e1 lugar la presentaci\u00f3n de las novedades de La Tomatina 2012, y la confirmaci\u00f3n de que a\u00f1o tras a\u00f1o el crecimiento de esta fiesta es constante. Tambi\u00e9n presentaremos en <a class=\"mh-excerpt-more\" href=\"https:\/\/www.tucomarca.com\/wordpress\/segunda\/presentacion-de-la-tomatina-2012\/\" title=\"Presentaci\u00f3n de La Tomatina 2012\">[+] <\/a><\/div>\n","protected":false},"author":1,"featured_media":0,"comment_status":"open","ping_status":"open","sticky":false,"template":"","format":"standard","meta":{"footnotes":""},"categories":[4,3],"tags":[],"class_list":{"0":"post-6234","1":"post","2":"type-post","3":"status-publish","4":"format-standard","6":"category-agenda","7":"category-seccion"},"_links":{"self":[{"href":"https:\/\/www.tucomarca.com\/wordpress\/segunda\/wp-json\/wp\/v2\/posts\/6234","targetHints":{"allow":["GET"]}}],"collection":[{"href":"https:\/\/www.tucomarca.com\/wordpress\/segunda\/wp-json\/wp\/v2\/posts"}],"about":[{"href":"https:\/\/www.tucomarca.com\/wordpress\/segunda\/wp-json\/wp\/v2\/types\/post"}],"author":[{"embeddable":true,"href":"https:\/\/www.tucomarca.com\/wordpress\/segunda\/wp-json\/wp\/v2\/users\/1"}],"replies":[{"embeddable":true,"href":"https:\/\/www.tucomarca.com\/wordpress\/segunda\/wp-json\/wp\/v2\/comments?post=6234"}],"version-history":[{"count":0,"href":"https:\/\/www.tucomarca.com\/wordpress\/segunda\/wp-json\/wp\/v2\/posts\/6234\/revisions"}],"wp:attachment":[{"href":"https:\/\/www.tucomarca.com\/wordpress\/segunda\/wp-json\/wp\/v2\/media?parent=6234"}],"wp:term":[{"taxonomy":"category","embeddable":true,"href":"https:\/\/www.tucomarca.com\/wordpress\/segunda\/wp-json\/wp\/v2\/categories?post=6234"},{"taxonomy":"post_tag","embeddable":true,"href":"https:\/\/www.tucomarca.com\/wordpress\/segunda\/wp-json\/wp\/v2\/tags?post=6234"}],"curies":[{"name":"wp","href":"https:\/\/api.w.org\/{rel}","templated":true}]}}