{"id":62390,"date":"2017-11-14T01:15:18","date_gmt":"2017-11-13T23:15:18","guid":{"rendered":"http:\/\/www.tucomarca.com\/wordpress\/segunda\/?p=62390"},"modified":"2017-11-13T21:45:32","modified_gmt":"2017-11-13T19:45:32","slug":"un-centenar-de-vecinos-y-vecinas-de-jalance-y-sellent-visitan-la-diputacio-de-valencia","status":"publish","type":"post","link":"https:\/\/www.tucomarca.com\/wordpress\/segunda\/un-centenar-de-vecinos-y-vecinas-de-jalance-y-sellent-visitan-la-diputacio-de-valencia\/","title":{"rendered":"Un centenar de vecinos y vecinas de Jalance y Sellent visitan la Diputaci\u00f3 de Val\u00e8ncia"},"content":{"rendered":"<figure id=\"attachment_62392\" aria-describedby=\"caption-attachment-62392\" style=\"width: 4592px\" class=\"wp-caption alignleft\"><img loading=\"lazy\" decoding=\"async\" class=\"size-full wp-image-62392\" src=\"https:\/\/www.tucomarca.com\/wordpress\/segunda\/wp-content\/uploads\/2017\/11\/JalanceDipu.jpg\" alt=\"Vecinos y vecinas de Jalance y Sellent durante su visita a la Diputaci\u00f3n.\" width=\"4592\" height=\"3056\" srcset=\"https:\/\/www.tucomarca.com\/wordpress\/segunda\/wp-content\/uploads\/2017\/11\/JalanceDipu.jpg 4592w, https:\/\/www.tucomarca.com\/wordpress\/segunda\/wp-content\/uploads\/2017\/11\/JalanceDipu-300x200.jpg 300w, https:\/\/www.tucomarca.com\/wordpress\/segunda\/wp-content\/uploads\/2017\/11\/JalanceDipu-768x511.jpg 768w, https:\/\/www.tucomarca.com\/wordpress\/segunda\/wp-content\/uploads\/2017\/11\/JalanceDipu-1024x681.jpg 1024w\" sizes=\"auto, (max-width: 4592px) 100vw, 4592px\" \/><figcaption id=\"caption-attachment-62392\" class=\"wp-caption-text\">Vecinos y vecinas de Jalance y Sellent durante su visita a la Diputaci\u00f3n.<\/figcaption><\/figure>\n<p>Un centenar de vecinos y vecinas de las localidades de Jalance y Sellent han visitado este lunes los edificios de la Diputaci\u00f3 de Val\u00e8ncia, una actividad en la que han estado presentes la diputada de Asesoramiento Municipal, Conxa Garcia, y la concejala de Sanidad y Servicios Sociales de Jalance, M\u00aa Jos\u00e9 S\u00e1nchez.<\/p>\n<p>Los visitantes han ocupado los esca\u00f1os de los diputados para escuchar las explicaciones sobre el funcionamiento de la instituci\u00f3n, una iniciativa que la Corporaci\u00f3n provincial organiza con el objetivo de que la ciudadan\u00eda valenciana conozca \u201cel rico patrimonio de la instituci\u00f3n, as\u00ed como mantener una vida activa y saludable\u201d, en palabras de Conxa Garcia. La diputada ha explicado a los asistentes el funcionamiento del pleno y ha recomendado la visita de la muestra \u2018Mem\u00f2ria de la modernitat\u2019, con los tesoros art\u00edsticos de la Diputaci\u00f3, que se encuentra en Alzira.<\/p>\n<p><strong>Una ruta hist\u00f3rica e institucional<\/strong><\/p>\n<p>El componente cultural del programa A\u00e7\u00f2 \u00e9s la Dipu es el factor dominante en estas visitas, que arrancan en la calle Navellos y tienen como paradas los palacios de Batlia y l\u2019Escala, los jardines del antiguo Hospital General de Valencia, el Centre Cultural la Benefic\u00e8ncia y el Instituto Valenciano de Audiofonolog\u00eda (IVAF).<\/p>\n<p>As\u00ed, los participantes tienen la oportunidad de conocer la historia y el funcionamiento de la Diputaci\u00f3 como instituci\u00f3n, las caracter\u00edsticas arquitect\u00f3nicas de los edificios que componen la sede principal, ubicada en la plaza Manises, y descubrir algunos retazos de la historia de Valencia y su centro hist\u00f3rico, desde el siglo XV hasta ahora.<\/p>\n<p>Con esta iniciativa, desde el \u00e1rea del Bienestar Social de la Diputaci\u00f3 \u201cquer\u00edamos que la gente conociera el entorno hist\u00f3rico de los edificios que componen la Diputaci\u00f3, contando cu\u00e1ndo se hicieron, en qu\u00e9 contexto y con qu\u00e9 finalidad, y despu\u00e9s, l\u00f3gicamente, que conocieran su interior\u201d, ha explicado Mercedes Berenguer. Las visitas continuar\u00e1n todos los lunes, martes y jueves hasta el final del mes de noviembre.<\/p>\n","protected":false},"excerpt":{"rendered":"<div class=\"mh-excerpt\">Un centenar de vecinos y vecinas de las localidades de Jalance y Sellent han visitado este lunes los edificios de la Diputaci\u00f3 de Val\u00e8ncia, una actividad en la que han estado presentes la diputada de <a class=\"mh-excerpt-more\" href=\"https:\/\/www.tucomarca.com\/wordpress\/segunda\/un-centenar-de-vecinos-y-vecinas-de-jalance-y-sellent-visitan-la-diputacio-de-valencia\/\" title=\"Un centenar de vecinos y vecinas de Jalance y Sellent visitan la Diputaci\u00f3 de Val\u00e8ncia\">[+] <\/a><\/div>\n","protected":false},"author":1,"featured_media":62392,"comment_status":"open","ping_status":"open","sticky":false,"template":"","format":"standard","meta":{"footnotes":""},"categories":[38,230,8,72,3],"tags":[10540,204,10684],"class_list":{"0":"post-62390","1":"post","2":"type-post","3":"status-publish","4":"format-standard","5":"has-post-thumbnail","7":"category-ayora-cofrentes","8":"category-jalance","9":"category-la-comarca","10":"category-sin-categorizar","11":"category-seccion","12":"tag-ayora-cofrentes","13":"tag-diputacion","14":"tag-jalance"},"_links":{"self":[{"href":"https:\/\/www.tucomarca.com\/wordpress\/segunda\/wp-json\/wp\/v2\/posts\/62390","targetHints":{"allow":["GET"]}}],"collection":[{"href":"https:\/\/www.tucomarca.com\/wordpress\/segunda\/wp-json\/wp\/v2\/posts"}],"about":[{"href":"https:\/\/www.tucomarca.com\/wordpress\/segunda\/wp-json\/wp\/v2\/types\/post"}],"author":[{"embeddable":true,"href":"https:\/\/www.tucomarca.com\/wordpress\/segunda\/wp-json\/wp\/v2\/users\/1"}],"replies":[{"embeddable":true,"href":"https:\/\/www.tucomarca.com\/wordpress\/segunda\/wp-json\/wp\/v2\/comments?post=62390"}],"version-history":[{"count":0,"href":"https:\/\/www.tucomarca.com\/wordpress\/segunda\/wp-json\/wp\/v2\/posts\/62390\/revisions"}],"wp:featuredmedia":[{"embeddable":true,"href":"https:\/\/www.tucomarca.com\/wordpress\/segunda\/wp-json\/wp\/v2\/media\/62392"}],"wp:attachment":[{"href":"https:\/\/www.tucomarca.com\/wordpress\/segunda\/wp-json\/wp\/v2\/media?parent=62390"}],"wp:term":[{"taxonomy":"category","embeddable":true,"href":"https:\/\/www.tucomarca.com\/wordpress\/segunda\/wp-json\/wp\/v2\/categories?post=62390"},{"taxonomy":"post_tag","embeddable":true,"href":"https:\/\/www.tucomarca.com\/wordpress\/segunda\/wp-json\/wp\/v2\/tags?post=62390"}],"curies":[{"name":"wp","href":"https:\/\/api.w.org\/{rel}","templated":true}]}}