{"id":624,"date":"2012-04-26T16:55:15","date_gmt":"2012-04-26T16:55:15","guid":{"rendered":"http:\/\/www.tucomarca.com\/wordpress\/segunda\/?p=624"},"modified":"2012-05-03T17:02:41","modified_gmt":"2012-05-03T17:02:41","slug":"el-mapa-de-la-memoria-historica-confirma-que-hubo-fosas-de-victimas-de-la-guerra-civil-en-macastre-y-dos-aguas","status":"publish","type":"post","link":"https:\/\/www.tucomarca.com\/wordpress\/segunda\/el-mapa-de-la-memoria-historica-confirma-que-hubo-fosas-de-victimas-de-la-guerra-civil-en-macastre-y-dos-aguas\/","title":{"rendered":"El mapa de la Memoria Hist\u00f3rica confirma que hubo fosas de v\u00edctimas de la guerra civil en Macastre y Dos Aguas"},"content":{"rendered":"<p>En cumplimiento de la Ley 52\/2007 del 26 de diciembre, por la que se  reconocen y ampl\u00edan derechos y se establecen medidas a favor de quienes  padecieron persecuci\u00f3n o violencia durante la Guerra Civil y la  Dictadura, el Gobierno de la naci\u00f3n \u2014concretamente el Ministerio de  Justicia\u2014 ha elaborado un mapa del territorio espa\u00f1ol en el que constan  los t\u00e9rminos municipales en los que se han localizado restos de personas  desaparecidas violentamente durante la contienda iniciada en 1936 o la  represi\u00f3n pol\u00edtica posterior. A su vez, tambi\u00e9n se han determinado  aquellos puntos en los que hubo fosas con v\u00edctimas de esta etapa, as\u00ed  como el lugar al que fueron trasladadas.<\/p>\n<p>Analizados los datos \u2014una  informaci\u00f3n en constante evoluci\u00f3n\u2014 nos encontramos con la sorpresa de  que dos de las localidades de esta comarca figuran en dicho registro  como poblaciones en las que se ubicaron fosas de personas asesinadas  durante esta etapa de Guerra y postguerra.<\/p>\n<p>As\u00ed, tal como consta en  el registro, tanto el municipio de Macastre como el de Dos Aguas  aparecen reflejados\u00a0 como poblaciones de la Comunidad Valenciana en los  que se han hallado fosas correspondientes a esta negra etapa de la  historia de nuestro pa\u00eds.<\/p>\n<p>Pero ah\u00ed no queda la cosa. Seg\u00fan la  informaci\u00f3n recogida por el gobierno de la naci\u00f3n, los cuerpos  enterrados en esta peque\u00f1as localidades fueron posteriormente  trasladados hasta el Valle de los Ca\u00eddos, ubicado en la capital. Dicho  traslado, seg\u00fan la informaci\u00f3n publicada, se produjo el 24 de marzo del  a\u00f1o 1959, una fecha que puede ser de ayuda para quienes tengan  constancia de la desaparici\u00f3n de alg\u00fan familiar suyo en estas zonas de  La Hoya de Bu\u00f1ol-Chiva.<\/p>\n<p>Como detalla el Ministerio, esta  informaci\u00f3n se ha hecho p\u00fablica gracias al colectivo Patrimonio  Nacional, aunque en otros casos ha sido la propia Administraci\u00f3n  auton\u00f3mica o estatal la que ha aportado la documentaci\u00f3n que ha  permitido conocer los detalles de una barbarie humana que no ser\u00e1  olvidada hasta que cicatricen todas las heridas abiertas.<\/p>\n<p>Seg\u00fan  los datos del Ministerio de Justicia sobre los restos enterrados en el  Valle de los Ca\u00eddos, se han contabilizado 33.833 fallecidos \u2014tanto de un  bando como de otro\u2014que fueron trasladados a dicho emplazamiento entre  los a\u00f1os 1959 y 1983, por lo que se confirma que los cuerpos localizados  en los t\u00e9rminos de Macastre y Dos Aguas fueron los primeros en ser  llevados a Madrid.<\/p>\n<p>El Ministerio de Gobernaci\u00f3n de la \u00e9poca y los  gobernadores civiles fueron los encargados de controlar este proceso que  afect\u00f3 a v\u00edctimas llegadas de diversos puntos del pa\u00eds.<\/p>\n<p>Tal como  se refleja en el mapa elaborado por el Ministerio de Justicia, de los  restos que ya han sido inhumados, 21.423 son de v\u00edctimas identificadas,  aunque otros 12.410 corresponden a personas desconocidas. Triste dato  para un pa\u00eds que a\u00fan sigue llorando por las nefastas consecuencias de  este enfrentamiento interno.<\/p>\n<p>&nbsp;<\/p>\n<figure id=\"attachment_626\" aria-describedby=\"caption-attachment-626\" style=\"width: 300px\" class=\"wp-caption aligncenter\"><a rel=\"attachment wp-att-626\" href=\"https:\/\/www.tucomarca.com\/wordpress\/segunda\/?attachment_id=626\"><img loading=\"lazy\" decoding=\"async\" class=\"size-medium wp-image-626\" src=\"https:\/\/www.tucomarca.com\/wordpress\/segunda\/wp-content\/uploads\/2012\/05\/fosas-2-300x190.jpg\" alt=\"Mapa de la ubicaci\u00f3n de las fosas de Macastre y Dos Aguas. tc.c\" width=\"300\" height=\"190\" srcset=\"https:\/\/www.tucomarca.com\/wordpress\/segunda\/wp-content\/uploads\/2012\/05\/fosas-2-300x190.jpg 300w, https:\/\/www.tucomarca.com\/wordpress\/segunda\/wp-content\/uploads\/2012\/05\/fosas-2.jpg 780w\" sizes=\"auto, (max-width: 300px) 100vw, 300px\" \/><\/a><figcaption id=\"caption-attachment-626\" class=\"wp-caption-text\">Mapa de la ubicaci\u00f3n de las fosas de Macastre y Dos Aguas. tc.c<\/figcaption><\/figure>\n","protected":false},"excerpt":{"rendered":"<div class=\"mh-excerpt\">En cumplimiento de la Ley 52\/2007 del 26 de diciembre, por la que se reconocen y ampl\u00edan derechos y se establecen medidas a favor de quienes padecieron persecuci\u00f3n o violencia durante la Guerra Civil y <a class=\"mh-excerpt-more\" href=\"https:\/\/www.tucomarca.com\/wordpress\/segunda\/el-mapa-de-la-memoria-historica-confirma-que-hubo-fosas-de-victimas-de-la-guerra-civil-en-macastre-y-dos-aguas\/\" title=\"El mapa de la Memoria Hist\u00f3rica confirma que hubo fosas de v\u00edctimas de la guerra civil en Macastre y Dos Aguas\">[+] <\/a><\/div>\n","protected":false},"author":2,"featured_media":626,"comment_status":"open","ping_status":"open","sticky":false,"template":"","format":"standard","meta":{"footnotes":""},"categories":[15,8,10,13,45],"tags":[82],"class_list":{"0":"post-624","1":"post","2":"type-post","3":"status-publish","4":"format-standard","5":"has-post-thumbnail","7":"category-dos-aguas","8":"category-la-comarca","9":"category-la-hoya","10":"category-macastre","11":"category-ventana","12":"tag-memoria-historica"},"_links":{"self":[{"href":"https:\/\/www.tucomarca.com\/wordpress\/segunda\/wp-json\/wp\/v2\/posts\/624","targetHints":{"allow":["GET"]}}],"collection":[{"href":"https:\/\/www.tucomarca.com\/wordpress\/segunda\/wp-json\/wp\/v2\/posts"}],"about":[{"href":"https:\/\/www.tucomarca.com\/wordpress\/segunda\/wp-json\/wp\/v2\/types\/post"}],"author":[{"embeddable":true,"href":"https:\/\/www.tucomarca.com\/wordpress\/segunda\/wp-json\/wp\/v2\/users\/2"}],"replies":[{"embeddable":true,"href":"https:\/\/www.tucomarca.com\/wordpress\/segunda\/wp-json\/wp\/v2\/comments?post=624"}],"version-history":[{"count":0,"href":"https:\/\/www.tucomarca.com\/wordpress\/segunda\/wp-json\/wp\/v2\/posts\/624\/revisions"}],"wp:featuredmedia":[{"embeddable":true,"href":"https:\/\/www.tucomarca.com\/wordpress\/segunda\/wp-json\/wp\/v2\/media\/626"}],"wp:attachment":[{"href":"https:\/\/www.tucomarca.com\/wordpress\/segunda\/wp-json\/wp\/v2\/media?parent=624"}],"wp:term":[{"taxonomy":"category","embeddable":true,"href":"https:\/\/www.tucomarca.com\/wordpress\/segunda\/wp-json\/wp\/v2\/categories?post=624"},{"taxonomy":"post_tag","embeddable":true,"href":"https:\/\/www.tucomarca.com\/wordpress\/segunda\/wp-json\/wp\/v2\/tags?post=624"}],"curies":[{"name":"wp","href":"https:\/\/api.w.org\/{rel}","templated":true}]}}