{"id":6241,"date":"2012-08-08T14:37:57","date_gmt":"2012-08-08T12:37:57","guid":{"rendered":"http:\/\/www.tucomarca.com\/wordpress\/segunda\/?p=6241"},"modified":"2012-08-08T20:43:40","modified_gmt":"2012-08-08T18:43:40","slug":"gobernacion-decretara-este-jueves-la-preemergencia-por-riesgo-de-incendios-forestales-en-la-mayor-parte-de-la-comunitat","status":"publish","type":"post","link":"https:\/\/www.tucomarca.com\/wordpress\/segunda\/gobernacion-decretara-este-jueves-la-preemergencia-por-riesgo-de-incendios-forestales-en-la-mayor-parte-de-la-comunitat\/","title":{"rendered":"Gobernaci\u00f3n decreta este jueves la preemergencia por riesgo de incendios forestales en la mayor parte de la Comunitat"},"content":{"rendered":"<p>La  conselleria de Gobernaci\u00f3n, a trav\u00e9s del Centro de Coordinaci\u00f3n de  Emergencias (CCE), decreta este jueves, 9 de agosto, el Nivel 3 de  Preemergencia, riesgo m\u00e1ximo de incendios forestales, en la mayor parte  de la Comunitat Valenciana debido a que se esperan altas temperaturas.<\/p>\n<p>La Agencia Estatal de Meteorolog\u00eda (AEMET) ha enviado un parte  meteorol\u00f3gico con fen\u00f3menos significativos para la jornada del jueves con  temperaturas que pueden alcanzar en algunos puntos del interior los 38\u00ba  cent\u00edgrados. Adem\u00e1s, prev\u00e9 cielos poco nubosos con nubosidad de  evoluci\u00f3n en el interior. Posibilidad de alguna tormenta aislada en el  interior norte por la tarde. Viento flojos variables con brisas.<\/p>\n<p>Cabe recordar, que ma\u00f1ana, al igual que se est\u00e1 haciendo  durante toda la Campa\u00f1a Estival de Prevenci\u00f3n y Extinci\u00f3n de Incendios,  se realizar\u00e1n vuelos de vigilancia a\u00e9rea preventiva en las tres  provincias con un Air Tractor cargado de agua y retardante para que en  el caso de que aviste un posible incendio pueda intervenir de manera  inmediata.<\/p>\n<p>La conselleria de Gobernaci\u00f3n recuerda que el Nivel 3 de  Preemergencia o riesgo m\u00e1ximo de incendios forestales supone la  prohibici\u00f3n de realizar cualquier tipo de fuego, incluso en las zonas  recreativas autorizadas y habilitadas al efecto, e insiste en que con  car\u00e1cter general las quemas agr\u00edcolas en el monte o a menos de 500  metros de terreno forestal est\u00e1n completamente prohibidas entre el 1 de  junio y el 30 de septiembre.<\/p>\n<p>Ante esta situaci\u00f3n, el CCE mantiene contacto directo con todos  los ayuntamientos y organismos de emergencia afectados con el fin de  informarles de la situaci\u00f3n y evoluci\u00f3n de la Preemergencia. Adem\u00e1s, el  dispositivo de prevenci\u00f3n y extinci\u00f3n de incendios de la Comunitat  Valenciana se encuentra en m\u00e1xima alerta por si es necesaria su  intervenci\u00f3n.<\/p>\n<p>Por \u00faltimo, el CCE y la conselleria de Gobernaci\u00f3n hacen un  llamamiento a la prudencia de la sociedad en general para evitar, en la  medida de lo posible, posibles incendios forestales y a respetar y  cumplir en todo momento las prohibiciones y recomendaciones que se  derivan de decretar Preemergencia por riesgo de incendios forestales.<\/p>\n<p>Consejos a la poblaci\u00f3n sobre incendios forestales<\/p>\n<p>\u00b7\tNo encender fuego bajo ning\u00fan concepto<br \/>\n\u00b7\tNo fumar mientras se camina por el monte, ni arrojar, en ning\u00fan concepto, colillas o f\u00f3sforos desde veh\u00edculos.<br \/>\n\u00b7\tNunca arrojar basuras, depositarlas en el contenedor del municipio m\u00e1s cercano.<br \/>\n\u00b7\tEn el monte o en sus inmediaciones nunca arrojar artefactos o  material explosivo como petardos, masclets, carcasas, etc., ni utilizar  sin autorizaci\u00f3n herramientas o motores que puedan producir una chispa o  un fuego.<br \/>\n\u00b7\tSi detecta un incendio, comun\u00edquelo inmediatamente al tel\u00e9fono  &#8216;112 Comunitat Valenciana&#8217;, sin pensar que alguien lo habr\u00e1 hecho ya o  dar aviso a las autoridades m\u00e1s cercanas.<br \/>\n\u00b7\tEn caso de incendio, siga en todo momento las indicaciones que le  sean dadas por el personal que tiene atribuidas las misiones de  vigilancia y extinci\u00f3n. Est\u00e1n velando por tu seguridad e integridad  f\u00edsica.<br \/>\nLa conselleria de Gobernaci\u00f3n, a trav\u00e9s del Centro de Coordinaci\u00f3n  de Emergencias (CCE), decretar\u00e1 ma\u00f1ana jueves, 9 de agosto, el Nivel 3  de Preemergencia, riesgo m\u00e1ximo de incendios forestales, en la mayor  parte de la Comunitat Valenciana debido a que se esperan altas  temperaturas.<\/p>\n<p>La Agencia Estatal de Meteorolog\u00eda (AEMET) ha enviado un parte  meteorol\u00f3gico con fen\u00f3menos significativos para la jornada de ma\u00f1ana con  temperaturas que pueden alcanzar en algunos puntos del interior los 38\u00ba  cent\u00edgrados. Adem\u00e1s, prev\u00e9 cielos poco nubosos con nubosidad de  evoluci\u00f3n en el interior. Posibilidad de alguna tormenta aislada en el  interior norte por la tarde. Viento flojos variables con brisas.<\/p>\n<p>Cabe recordar, que ma\u00f1ana, al igual que se est\u00e1 haciendo  durante toda la Campa\u00f1a Estival de Prevenci\u00f3n y Extinci\u00f3n de Incendios,  se realizar\u00e1n vuelos de vigilancia a\u00e9rea preventiva en las tres  provincias con un Air Tractor cargado de agua y retardante para que en  el caso de que aviste un posible incendio pueda intervenir de manera  inmediata.<\/p>\n<p>La conselleria de Gobernaci\u00f3n recuerda que el Nivel 3 de  Preemergencia o riesgo m\u00e1ximo de incendios forestales supone la  prohibici\u00f3n de realizar cualquier tipo de fuego, incluso en las zonas  recreativas autorizadas y habilitadas al efecto, e insiste en que con  car\u00e1cter general las quemas agr\u00edcolas en el monte o a menos de 500  metros de terreno forestal est\u00e1n completamente prohibidas entre el 1 de  junio y el 30 de septiembre.<\/p>\n<p>Ante esta situaci\u00f3n, el CCE mantiene contacto directo con todos  los ayuntamientos y organismos de emergencia afectados con el fin de  informarles de la situaci\u00f3n y evoluci\u00f3n de la Preemergencia. Adem\u00e1s, el  dispositivo de prevenci\u00f3n y extinci\u00f3n de incendios de la Comunitat  Valenciana se encuentra en m\u00e1xima alerta por si es necesaria su  intervenci\u00f3n.<\/p>\n<p>Por \u00faltimo, el CCE y la conselleria de Gobernaci\u00f3n hacen un  llamamiento a la prudencia de la sociedad en general para evitar, en la  medida de lo posible, posibles incendios forestales y a respetar y  cumplir en todo momento las prohibiciones y recomendaciones que se  derivan de decretar Preemergencia por riesgo de incendios forestales.<\/p>\n<p><strong>Consejos a la poblaci\u00f3n sobre incendios forestales <\/strong><\/p>\n<p>\u00b7\tNo encender fuego bajo ning\u00fan concepto<br \/>\n\u00b7\tNo fumar mientras se camina por el monte, ni arrojar, en ning\u00fan concepto, colillas o f\u00f3sforos desde veh\u00edculos.<br \/>\n\u00b7\tNunca arrojar basuras, depositarlas en el contenedor del municipio m\u00e1s cercano.<br \/>\n\u00b7\tEn el monte o en sus inmediaciones nunca arrojar artefactos o  material explosivo como petardos, masclets, carcasas, etc., ni utilizar  sin autorizaci\u00f3n herramientas o motores que puedan producir una chispa o  un fuego.<br \/>\n\u00b7\tSi detecta un incendio, comun\u00edquelo inmediatamente al tel\u00e9fono  &#8216;112 Comunitat Valenciana&#8217;, sin pensar que alguien lo habr\u00e1 hecho ya o  dar aviso a las autoridades m\u00e1s cercanas.<br \/>\n\u00b7\tEn caso de incendio, siga en todo momento las indicaciones que le  sean dadas por el personal que tiene atribuidas las misiones de  vigilancia y extinci\u00f3n. Est\u00e1n velando por tu seguridad e integridad  f\u00edsica.<\/p>\n","protected":false},"excerpt":{"rendered":"<div class=\"mh-excerpt\">La conselleria de Gobernaci\u00f3n, a trav\u00e9s del Centro de Coordinaci\u00f3n de Emergencias (CCE), decreta este jueves, 9 de agosto, el Nivel 3 de Preemergencia, riesgo m\u00e1ximo de incendios forestales, en la mayor parte de la <a class=\"mh-excerpt-more\" href=\"https:\/\/www.tucomarca.com\/wordpress\/segunda\/gobernacion-decretara-este-jueves-la-preemergencia-por-riesgo-de-incendios-forestales-en-la-mayor-parte-de-la-comunitat\/\" title=\"Gobernaci\u00f3n decreta este jueves la preemergencia por riesgo de incendios forestales en la mayor parte de la Comunitat\">[+] <\/a><\/div>\n","protected":false},"author":1,"featured_media":0,"comment_status":"open","ping_status":"open","sticky":false,"template":"","format":"standard","meta":{"footnotes":""},"categories":[8,72,10,3],"tags":[],"class_list":{"0":"post-6241","1":"post","2":"type-post","3":"status-publish","4":"format-standard","6":"category-la-comarca","7":"category-sin-categorizar","8":"category-la-hoya","9":"category-seccion"},"_links":{"self":[{"href":"https:\/\/www.tucomarca.com\/wordpress\/segunda\/wp-json\/wp\/v2\/posts\/6241","targetHints":{"allow":["GET"]}}],"collection":[{"href":"https:\/\/www.tucomarca.com\/wordpress\/segunda\/wp-json\/wp\/v2\/posts"}],"about":[{"href":"https:\/\/www.tucomarca.com\/wordpress\/segunda\/wp-json\/wp\/v2\/types\/post"}],"author":[{"embeddable":true,"href":"https:\/\/www.tucomarca.com\/wordpress\/segunda\/wp-json\/wp\/v2\/users\/1"}],"replies":[{"embeddable":true,"href":"https:\/\/www.tucomarca.com\/wordpress\/segunda\/wp-json\/wp\/v2\/comments?post=6241"}],"version-history":[{"count":0,"href":"https:\/\/www.tucomarca.com\/wordpress\/segunda\/wp-json\/wp\/v2\/posts\/6241\/revisions"}],"wp:attachment":[{"href":"https:\/\/www.tucomarca.com\/wordpress\/segunda\/wp-json\/wp\/v2\/media?parent=6241"}],"wp:term":[{"taxonomy":"category","embeddable":true,"href":"https:\/\/www.tucomarca.com\/wordpress\/segunda\/wp-json\/wp\/v2\/categories?post=6241"},{"taxonomy":"post_tag","embeddable":true,"href":"https:\/\/www.tucomarca.com\/wordpress\/segunda\/wp-json\/wp\/v2\/tags?post=6241"}],"curies":[{"name":"wp","href":"https:\/\/api.w.org\/{rel}","templated":true}]}}